{"id":5594,"date":"2024-09-23T14:03:48","date_gmt":"2024-09-23T14:03:48","guid":{"rendered":"https:\/\/www.sdis57.fr\/home\/?p=5594"},"modified":"2024-09-23T14:18:30","modified_gmt":"2024-09-23T14:18:30","slug":"lancement-de-la-construction-de-la-nouvelle-caserne-de-metz-centre-a-blida","status":"publish","type":"post","link":"https:\/\/www.sdis57.fr\/home\/index.php\/2024\/09\/23\/lancement-de-la-construction-de-la-nouvelle-caserne-de-metz-centre-a-blida\/","title":{"rendered":"Lancement de la construction de la nouvelle caserne de Metz-Centre \u00e0 Blida"},"content":{"rendered":"\t\t<div data-elementor-type=\"wp-post\" data-elementor-id=\"5594\" class=\"elementor elementor-5594\" data-elementor-post-type=\"post\">\n\t\t\t\t<div class=\"elementor-element elementor-element-456e831 e-flex e-con-boxed e-con e-parent\" data-id=\"456e831\" data-element_type=\"container\" data-e-type=\"container\">\n\t\t\t\t\t<div class=\"e-con-inner\">\n\t\t\t\t<div class=\"elementor-element elementor-element-fa9c213 elementor-widget elementor-widget-heading\" data-id=\"fa9c213\" data-element_type=\"widget\" data-e-type=\"widget\" data-widget_type=\"heading.default\">\n\t\t\t\t<div class=\"elementor-widget-container\">\n\t\t\t\t\t<h2 class=\"elementor-heading-title elementor-size-default\">Lancement de la construction de la nouvelle caserne de Metz-Centre \u00e0 Blida<\/h2>\t\t\t\t<\/div>\n\t\t\t\t<\/div>\n\t\t\t\t\t<\/div>\n\t\t\t\t<\/div>\n\t\t<div class=\"elementor-element elementor-element-6ead1a2 e-flex e-con-boxed e-con e-parent\" data-id=\"6ead1a2\" data-element_type=\"container\" data-e-type=\"container\">\n\t\t\t\t\t<div class=\"e-con-inner\">\n\t\t\t\t<div class=\"elementor-element elementor-element-f9e71ef elementor-widget elementor-widget-text-editor\" data-id=\"f9e71ef\" data-element_type=\"widget\" data-e-type=\"widget\" data-widget_type=\"text-editor.default\">\n\t\t\t\t<div class=\"elementor-widget-container\">\n\t\t\t\t\t\t\t\t\t<div dir=\"auto\" data-message-author-role=\"assistant\" data-message-id=\"53e5f4f2-d96f-47be-bef7-e8c406a3bf40\"><div dir=\"auto\"><div dir=\"auto\"><div dir=\"auto\"><div dir=\"auto\"><div><h4 dir=\"auto\">Jeudi 19 septembre a eu lieu le lancement de la construction de la nouvelle caserne de Metz-Centre situ\u00e9e dans le quartier Blida avec la pose de la 1re pierre en pr\u00e9sence de Patrick Weiten, pr\u00e9sident du D\u00e9partement de la Moselle et pr\u00e9sident du conseil d&rsquo;administration du SDIS de la Moselle, de Fran\u00e7ois Grosdidier, maire de Metz et pr\u00e9sident de l&rsquo;Eurom\u00e9tropole de Metz, du contr\u00f4leur g\u00e9n\u00e9ral Fran\u00e7ois Vallier, chef de corps, de Laurent Touvet, pr\u00e9fet de la Moselle, d&rsquo;autorit\u00e9s civiles et militaires et de nombreux invit\u00e9s.<\/h4><h4 dir=\"auto\"><span style=\"color: #ff0000;\">Bliiida, de friches industrielles \u00e0 tiers lieu innovant.<\/span><\/h4><\/div><div dir=\"auto\">Originellement, Bliiida est une ancienne friche industrielle de 30 000m\u00b2 qui, apr\u00e8s avoir \u00e9t\u00e9 le d\u00e9p\u00f4t de la r\u00e9gie de transport urbain des TCRM de Metz, fut investie par des artistes \u00e0 l\u2019occasion de la derni\u00e8re \u00e9dition des \u00ab Nuits Blanches \u00bb \u00e0 la suite du transfert du d\u00e9p\u00f4t. Par la suite, artisans d\u2019art, cr\u00e9atifs, entrepreneurs s\u2019y sont install\u00e9s et se cr\u00e9e, en 2016, l\u2019association TCRM-BLIDA pour g\u00e9rer l\u2019activit\u00e9 et l\u2019animation du site. Ainsi, Bliiida naquit pour devenir le tiers lieu d\u2019inspiration, d\u2019innovation et d\u2019intelligence collective de la Ville de Metz. Ces 30 000 m2 ont \u00e9t\u00e9 divis\u00e9s en diff\u00e9rents espaces, tels qu\u2019un atelier num\u00e9rique, un atelier m\u00e9tallerie et ferronnerie d\u2019art, un p\u00f4le m\u00e9dia&#8230; qui cohabiteront bient\u00f4t avec la nouvelle caserne.<\/div><div dir=\"auto\">\u00a0<\/div><h4 dir=\"auto\"><span style=\"color: #ff0000;\">Modernisation de la d\u00e9fense de l&rsquo;agglom\u00e9ration messine.<\/span><\/h4><div dir=\"auto\">Le lancement du chantier de construction de la caserne de Metz-centre vient concr\u00e9tiser la poursuite de la modernisation de la couverture op\u00e9rationnelle de l\u2019agglom\u00e9ration messine. Un panneau de communication du SDIS pr\u00e9sentant l\u2019esquisse du projet a \u00e9t\u00e9 pos\u00e9 sur site et permet de contextualiser l\u2019int\u00e9gration de cette caserne dans l\u2019urbanisme de ce secteur.\u00a0<\/div><div dir=\"auto\">\u00a0<\/div><div dir=\"auto\">Cette nouvelle unit\u00e9, construite en proximit\u00e9 du centre-ville de Metz permettra de r\u00e9pondre au d\u00e9veloppement de l\u2019agglom\u00e9ration, de faire face aux nouvelles menaces et de se projeter dans l\u2019avenir tout en s\u2019adaptant aux \u00e9volutions d\u00e9mographiques, \u00e9conomiques et soci\u00e9tales de l\u2019agglom\u00e9ration. Elle h\u00e9bergera en outre les locaux du si\u00e8ge de la 5e compagnie d\u2019incendie et de secours qui assure la coordination des unit\u00e9s op\u00e9rationnelles de l\u2019arrondissement administratif de Metz.\u00a0<\/div><div dir=\"auto\">\u00a0<\/div><div dir=\"auto\">Apr\u00e8s l\u2019inauguration de la compagnie de soutien technique et logistique en 2019 sur Peltre, de la r\u00e9habilitation et du renforcement humain de l\u2019unit\u00e9 op\u00e9rationnelle de Montigny-l\u00e8s-Metz, puis de la construction de l\u2019unit\u00e9 op\u00e9rationnelle de Peltre en 2022, le lancement de ce projet de Metz-centre a pour objectif de pouvoir d\u00e9fendre la population de l\u2019agglom\u00e9ration messine \u00e0 partir de plusieurs unit\u00e9s op\u00e9rationnelles et d\u2019am\u00e9liorer le maillage territorial.\u00a0<\/div><div dir=\"auto\">\u00a0<\/div><div dir=\"auto\">Avec un effectif de 77 sapeurs-pompiers professionnels et de 40 sapeurspompiers volontaires, l\u2019unit\u00e9 op\u00e9rationnelle sera dimensionn\u00e9e de mani\u00e8re \u00e0 pouvoir r\u00e9pondre \u00e0 8 000 op\u00e9rations de secours annuelles sur un total de 21 000 sur l\u2019agglom\u00e9ration. L\u2019unit\u00e9 dispose d\u2019une section de 20 jeunes sapeurs-pompiers et parraine deux classes de cadets de la s\u00e9curit\u00e9 civile au sein des coll\u00e8ges Paul Valery et Jules Lagneau de Metz. Implant\u00e9e sur une parcelle de 3 814 m\u00b2 mise \u00e0 disposition par l\u2019Eurom\u00e9tropole de Metz, la future caserne de Metz-centre offrira 2 408 m\u00b2 de locaux dont 1 209 m\u00b2 d\u00e9di\u00e9s aux locaux techniques et op\u00e9rationnels et sera \u00e9difi\u00e9e le long de l\u2019avenue de Blida. Elle pourra accueillir 10 v\u00e9hicules d\u2019interventions dont deux ambulances. Avec un montant estim\u00e9 du projet \u00e0 la charge du SDIS de plus de 8 M\u20ac TTC, l\u2019ensemble des investissements consacr\u00e9s \u00e0 l\u2019agglom\u00e9ration Messine depuis 9 ans atteignent pr\u00e8s de 13 M\u20ac. La mise en mise en service de l\u2019unit\u00e9 est envisag\u00e9e en octobre 2025 et l\u2019inauguration sera effective \u00e0 l\u2019occasion de la Sainte-Barbe d\u00e9partementale le 4 d\u00e9cembre<\/div><div dir=\"auto\">2025.<br \/><br \/><\/div><\/div><h4 dir=\"auto\"><span style=\"color: #ff0000;\">Un exemple pour les futures casernes.<\/span><\/h4><div dir=\"auto\"><div dir=\"auto\">La construction de la caserne est r\u00e9alis\u00e9e dans le cadre d\u2019un March\u00e9 Global de Performance (MGP). Le groupement s\u00e9lectionn\u00e9 au terme d\u2019une mise en concurrence est constitu\u00e9 de l\u2019entreprise Costantini, mandataire, du cabinet d\u2019architecte Ramboloni &amp; Schlegel, des bureaux d\u2019\u00e9tudes Pingat, Venathec, des entreprises Lheritier, Peter et GCL Energie.\u00a0<\/div><div dir=\"auto\">\u00a0<\/div><div dir=\"auto\">En effet, le MGP est un march\u00e9 unique qui regroupe la conception, la r\u00e9alisation mais aussi l\u2019entretien, l\u2019exploitation technique et la maintenance de l\u2019ouvrage pendant 3 ans. Il comporte des engagements de performance mesurables et la r\u00e9mun\u00e9ration est modul\u00e9e selon l\u2019atteinte de ces objectifs.\u00a0<\/div><div dir=\"auto\">\u00a0<\/div><div dir=\"auto\">Le souhait du SDIS, est de s\u2019assurer de la performance du b\u00e2timent qui lui sera livr\u00e9, du confort thermique, d\u2019un bilan carbone exemplaire mais aussi de sa fiabilit\u00e9 et de sa maintenabilit\u00e9 tout en ma\u00eetrisant le co\u00fbt global du projet.\u00a0<\/div><div dir=\"auto\">\u00a0<\/div><div dir=\"auto\">Le projet a par exemple pour ambition d\u2019assurer plus de 30% des besoins en \u00e9lectricit\u00e9 du b\u00e2timent en autoconsommation via la mise en place de panneaux solaires photovolta\u00efques en toiture, d\u2019assurer un confort d\u2019hiver mais aussi d\u2019\u00e9t\u00e9 adapt\u00e9 \u00e0 chaque espace et de r\u00e9cup\u00e9rer une partie des eaux pluviales afin d\u2019assurer le nettoyage des v\u00e9hicules.\u00a0<\/div><div dir=\"auto\">\u00a0<\/div><div dir=\"auto\">La caserne est aussi pens\u00e9e afin de prendre en compte les \u00e9volutions envisag\u00e9es dans les prochaines ann\u00e9es :\u00a0<\/div><div dir=\"auto\">\u00a0<\/div><ul><li dir=\"auto\"><p>du point de vue du nombre d\u2019intervention \u00e0 g\u00e9rer par la caserne avec un dimensionnement et un mode de fonctionnement adapt\u00e9 aux besoins actuels et futurs,\u00a0<\/p><\/li><li dir=\"auto\"><p>du point de vue de la f\u00e9minisation des effectifs avec des vestiaires modulables,\u00a0<\/p><\/li><li dir=\"auto\"><p>sur le plan \u00e9nerg\u00e9tique avec un b\u00e2timent qui va au-del\u00e0 de la r\u00e8glementation environnementale RE2020.<\/p><\/li><\/ul><div dir=\"auto\">\u00a0<\/div><div dir=\"auto\">L\u2019ambition est de r\u00e9aliser ici un outil op\u00e9rationnel performant et efficace pour permettre au SDIS de remplir ses missions dans les meilleures conditions, mais aussi de construire une unit\u00e9 op\u00e9rationnelle, int\u00e9gr\u00e9e \u00e0 la ville qui doit servir de mod\u00e8le pour les casernes \u00e0 venir dans le d\u00e9partement.<\/div><\/div><\/div><\/div><\/div><\/div>\t\t\t\t\t\t\t\t<\/div>\n\t\t\t\t<\/div>\n\t\t\t\t<div class=\"elementor-element elementor-element-f896191 elementor-widget-divider--view-line elementor-widget elementor-widget-divider\" data-id=\"f896191\" data-element_type=\"widget\" data-e-type=\"widget\" data-widget_type=\"divider.default\">\n\t\t\t\t<div class=\"elementor-widget-container\">\n\t\t\t\t\t\t\t<div class=\"elementor-divider\">\n\t\t\t<span class=\"elementor-divider-separator\">\n\t\t\t\t\t\t<\/span>\n\t\t<\/div>\n\t\t\t\t\t\t<\/div>\n\t\t\t\t<\/div>\n\t\t\t\t\t<\/div>\n\t\t\t\t<\/div>\n\t\t<div class=\"elementor-element elementor-element-cb345d6 e-flex e-con-boxed e-con e-parent\" data-id=\"cb345d6\" data-element_type=\"container\" data-e-type=\"container\">\n\t\t\t\t\t<div class=\"e-con-inner\">\n\t\t\t\t<div class=\"elementor-element elementor-element-c459a77 elementor-widget elementor-widget-gallery\" data-id=\"c459a77\" data-element_type=\"widget\" data-e-type=\"widget\" data-settings=\"{&quot;columns&quot;:2,&quot;gap&quot;:{&quot;unit&quot;:&quot;px&quot;,&quot;size&quot;:15,&quot;sizes&quot;:[]},&quot;lazyload&quot;:&quot;yes&quot;,&quot;gallery_layout&quot;:&quot;grid&quot;,&quot;columns_tablet&quot;:2,&quot;columns_mobile&quot;:1,&quot;gap_tablet&quot;:{&quot;unit&quot;:&quot;px&quot;,&quot;size&quot;:10,&quot;sizes&quot;:[]},&quot;gap_mobile&quot;:{&quot;unit&quot;:&quot;px&quot;,&quot;size&quot;:10,&quot;sizes&quot;:[]},&quot;link_to&quot;:&quot;file&quot;,&quot;aspect_ratio&quot;:&quot;3:2&quot;,&quot;overlay_background&quot;:&quot;yes&quot;,&quot;content_hover_animation&quot;:&quot;fade-in&quot;}\" data-widget_type=\"gallery.default\">\n\t\t\t\t<div class=\"elementor-widget-container\">\n\t\t\t\t\t\t\t<div class=\"elementor-gallery__container\">\n\t\t\t\t\t\t\t<a class=\"e-gallery-item elementor-gallery-item elementor-animated-content\" href=\"https:\/\/www.sdis57.fr\/home\/wp-content\/uploads\/2024\/09\/460529131_909260887903556_1228534675482909929_n.jpg\" data-elementor-open-lightbox=\"yes\" data-elementor-lightbox-slideshow=\"c459a77\" data-elementor-lightbox-title=\"460529131_909260887903556_1228534675482909929_n\" data-e-action-hash=\"#elementor-action%3Aaction%3Dlightbox%26settings%3DeyJpZCI6NTU5NiwidXJsIjoiaHR0cHM6XC9cL3d3dy5zZGlzNTcuZnJcL2hvbWVcL3dwLWNvbnRlbnRcL3VwbG9hZHNcLzIwMjRcLzA5XC80NjA1MjkxMzFfOTA5MjYwODg3OTAzNTU2XzEyMjg1MzQ2NzU0ODI5MDk5Mjlfbi5qcGciLCJzbGlkZXNob3ciOiJjNDU5YTc3In0%3D\">\n\t\t\t\t\t<div class=\"e-gallery-image elementor-gallery-item__image\" data-thumbnail=\"https:\/\/www.sdis57.fr\/home\/wp-content\/uploads\/2024\/09\/460529131_909260887903556_1228534675482909929_n-1024x681.jpg\" data-width=\"800\" data-height=\"532\" aria-label=\"\" role=\"img\" ><\/div>\n\t\t\t\t\t\t\t\t\t\t\t<div class=\"elementor-gallery-item__overlay\"><\/div>\n\t\t\t\t\t\t\t\t\t\t\t\t\t\t<\/a>\n\t\t\t\t\t\t\t<a class=\"e-gallery-item elementor-gallery-item elementor-animated-content\" href=\"https:\/\/www.sdis57.fr\/home\/wp-content\/uploads\/2024\/09\/460803326_909261001236878_4172092328986843864_n.jpg\" data-elementor-open-lightbox=\"yes\" data-elementor-lightbox-slideshow=\"c459a77\" data-elementor-lightbox-title=\"460803326_909261001236878_4172092328986843864_n\" data-e-action-hash=\"#elementor-action%3Aaction%3Dlightbox%26settings%3DeyJpZCI6NTYwMSwidXJsIjoiaHR0cHM6XC9cL3d3dy5zZGlzNTcuZnJcL2hvbWVcL3dwLWNvbnRlbnRcL3VwbG9hZHNcLzIwMjRcLzA5XC80NjA4MDMzMjZfOTA5MjYxMDAxMjM2ODc4XzQxNzIwOTIzMjg5ODY4NDM4NjRfbi5qcGciLCJzbGlkZXNob3ciOiJjNDU5YTc3In0%3D\">\n\t\t\t\t\t<div class=\"e-gallery-image elementor-gallery-item__image\" data-thumbnail=\"https:\/\/www.sdis57.fr\/home\/wp-content\/uploads\/2024\/09\/460803326_909261001236878_4172092328986843864_n-1024x681.jpg\" data-width=\"800\" data-height=\"532\" aria-label=\"\" role=\"img\" ><\/div>\n\t\t\t\t\t\t\t\t\t\t\t<div class=\"elementor-gallery-item__overlay\"><\/div>\n\t\t\t\t\t\t\t\t\t\t\t\t\t\t<\/a>\n\t\t\t\t\t\t\t<a class=\"e-gallery-item elementor-gallery-item elementor-animated-content\" href=\"https:\/\/www.sdis57.fr\/home\/wp-content\/uploads\/2024\/09\/460458235_909261174570194_239789414222606549_n.jpg\" data-elementor-open-lightbox=\"yes\" data-elementor-lightbox-slideshow=\"c459a77\" data-elementor-lightbox-title=\"460458235_909261174570194_239789414222606549_n\" data-e-action-hash=\"#elementor-action%3Aaction%3Dlightbox%26settings%3DeyJpZCI6NTU5NSwidXJsIjoiaHR0cHM6XC9cL3d3dy5zZGlzNTcuZnJcL2hvbWVcL3dwLWNvbnRlbnRcL3VwbG9hZHNcLzIwMjRcLzA5XC80NjA0NTgyMzVfOTA5MjYxMTc0NTcwMTk0XzIzOTc4OTQxNDIyMjYwNjU0OV9uLmpwZyIsInNsaWRlc2hvdyI6ImM0NTlhNzcifQ%3D%3D\">\n\t\t\t\t\t<div class=\"e-gallery-image elementor-gallery-item__image\" data-thumbnail=\"https:\/\/www.sdis57.fr\/home\/wp-content\/uploads\/2024\/09\/460458235_909261174570194_239789414222606549_n-1024x681.jpg\" data-width=\"800\" data-height=\"532\" aria-label=\"\" role=\"img\" ><\/div>\n\t\t\t\t\t\t\t\t\t\t\t<div class=\"elementor-gallery-item__overlay\"><\/div>\n\t\t\t\t\t\t\t\t\t\t\t\t\t\t<\/a>\n\t\t\t\t\t\t\t<a class=\"e-gallery-item elementor-gallery-item elementor-animated-content\" href=\"https:\/\/www.sdis57.fr\/home\/wp-content\/uploads\/2024\/09\/460631946_909261144570197_8132357857395373543_n.jpg\" data-elementor-open-lightbox=\"yes\" data-elementor-lightbox-slideshow=\"c459a77\" data-elementor-lightbox-title=\"460631946_909261144570197_8132357857395373543_n\" data-e-action-hash=\"#elementor-action%3Aaction%3Dlightbox%26settings%3DeyJpZCI6NTU5OCwidXJsIjoiaHR0cHM6XC9cL3d3dy5zZGlzNTcuZnJcL2hvbWVcL3dwLWNvbnRlbnRcL3VwbG9hZHNcLzIwMjRcLzA5XC80NjA2MzE5NDZfOTA5MjYxMTQ0NTcwMTk3XzgxMzIzNTc4NTczOTUzNzM1NDNfbi5qcGciLCJzbGlkZXNob3ciOiJjNDU5YTc3In0%3D\">\n\t\t\t\t\t<div class=\"e-gallery-image elementor-gallery-item__image\" data-thumbnail=\"https:\/\/www.sdis57.fr\/home\/wp-content\/uploads\/2024\/09\/460631946_909261144570197_8132357857395373543_n-1024x681.jpg\" data-width=\"800\" data-height=\"532\" aria-label=\"\" role=\"img\" ><\/div>\n\t\t\t\t\t\t\t\t\t\t\t<div class=\"elementor-gallery-item__overlay\"><\/div>\n\t\t\t\t\t\t\t\t\t\t\t\t\t\t<\/a>\n\t\t\t\t\t\t\t<a class=\"e-gallery-item elementor-gallery-item elementor-animated-content\" href=\"https:\/\/www.sdis57.fr\/home\/wp-content\/uploads\/2024\/09\/460761872_909261021236876_4884812321041376288_n.jpg\" data-elementor-open-lightbox=\"yes\" data-elementor-lightbox-slideshow=\"c459a77\" data-elementor-lightbox-title=\"460761872_909261021236876_4884812321041376288_n\" data-e-action-hash=\"#elementor-action%3Aaction%3Dlightbox%26settings%3DeyJpZCI6NTU5OSwidXJsIjoiaHR0cHM6XC9cL3d3dy5zZGlzNTcuZnJcL2hvbWVcL3dwLWNvbnRlbnRcL3VwbG9hZHNcLzIwMjRcLzA5XC80NjA3NjE4NzJfOTA5MjYxMDIxMjM2ODc2XzQ4ODQ4MTIzMjEwNDEzNzYyODhfbi5qcGciLCJzbGlkZXNob3ciOiJjNDU5YTc3In0%3D\">\n\t\t\t\t\t<div class=\"e-gallery-image elementor-gallery-item__image\" data-thumbnail=\"https:\/\/www.sdis57.fr\/home\/wp-content\/uploads\/2024\/09\/460761872_909261021236876_4884812321041376288_n-1024x681.jpg\" data-width=\"800\" data-height=\"532\" aria-label=\"\" role=\"img\" ><\/div>\n\t\t\t\t\t\t\t\t\t\t\t<div class=\"elementor-gallery-item__overlay\"><\/div>\n\t\t\t\t\t\t\t\t\t\t\t\t\t\t<\/a>\n\t\t\t\t\t\t\t<a class=\"e-gallery-item elementor-gallery-item elementor-animated-content\" href=\"https:\/\/www.sdis57.fr\/home\/wp-content\/uploads\/2024\/09\/460803326_909260901236888_4908442397234625735_n.jpg\" data-elementor-open-lightbox=\"yes\" data-elementor-lightbox-slideshow=\"c459a77\" data-elementor-lightbox-title=\"460803326_909260901236888_4908442397234625735_n\" data-e-action-hash=\"#elementor-action%3Aaction%3Dlightbox%26settings%3DeyJpZCI6NTYwMCwidXJsIjoiaHR0cHM6XC9cL3d3dy5zZGlzNTcuZnJcL2hvbWVcL3dwLWNvbnRlbnRcL3VwbG9hZHNcLzIwMjRcLzA5XC80NjA4MDMzMjZfOTA5MjYwOTAxMjM2ODg4XzQ5MDg0NDIzOTcyMzQ2MjU3MzVfbi5qcGciLCJzbGlkZXNob3ciOiJjNDU5YTc3In0%3D\">\n\t\t\t\t\t<div class=\"e-gallery-image elementor-gallery-item__image\" data-thumbnail=\"https:\/\/www.sdis57.fr\/home\/wp-content\/uploads\/2024\/09\/460803326_909260901236888_4908442397234625735_n-1024x681.jpg\" data-width=\"800\" data-height=\"532\" aria-label=\"\" role=\"img\" ><\/div>\n\t\t\t\t\t\t\t\t\t\t\t<div class=\"elementor-gallery-item__overlay\"><\/div>\n\t\t\t\t\t\t\t\t\t\t\t\t\t\t<\/a>\n\t\t\t\t\t\t\t<a class=\"e-gallery-item elementor-gallery-item elementor-animated-content\" href=\"https:\/\/www.sdis57.fr\/home\/wp-content\/uploads\/2024\/09\/460610769_909261064570205_4185516052771103062_n.jpg\" data-elementor-open-lightbox=\"yes\" data-elementor-lightbox-slideshow=\"c459a77\" data-elementor-lightbox-title=\"460610769_909261064570205_4185516052771103062_n\" data-e-action-hash=\"#elementor-action%3Aaction%3Dlightbox%26settings%3DeyJpZCI6NTU5NywidXJsIjoiaHR0cHM6XC9cL3d3dy5zZGlzNTcuZnJcL2hvbWVcL3dwLWNvbnRlbnRcL3VwbG9hZHNcLzIwMjRcLzA5XC80NjA2MTA3NjlfOTA5MjYxMDY0NTcwMjA1XzQxODU1MTYwNTI3NzExMDMwNjJfbi5qcGciLCJzbGlkZXNob3ciOiJjNDU5YTc3In0%3D\">\n\t\t\t\t\t<div class=\"e-gallery-image elementor-gallery-item__image\" data-thumbnail=\"https:\/\/www.sdis57.fr\/home\/wp-content\/uploads\/2024\/09\/460610769_909261064570205_4185516052771103062_n-1024x681.jpg\" data-width=\"800\" data-height=\"532\" aria-label=\"\" role=\"img\" ><\/div>\n\t\t\t\t\t\t\t\t\t\t\t<div class=\"elementor-gallery-item__overlay\"><\/div>\n\t\t\t\t\t\t\t\t\t\t\t\t\t\t<\/a>\n\t\t\t\t\t\t\t<a class=\"e-gallery-item elementor-gallery-item elementor-animated-content\" href=\"https:\/\/www.sdis57.fr\/home\/wp-content\/uploads\/2024\/09\/460852122_909261084570203_6886032813890928844_n.jpg\" data-elementor-open-lightbox=\"yes\" data-elementor-lightbox-slideshow=\"c459a77\" data-elementor-lightbox-title=\"460852122_909261084570203_6886032813890928844_n\" data-e-action-hash=\"#elementor-action%3Aaction%3Dlightbox%26settings%3DeyJpZCI6NTYwMiwidXJsIjoiaHR0cHM6XC9cL3d3dy5zZGlzNTcuZnJcL2hvbWVcL3dwLWNvbnRlbnRcL3VwbG9hZHNcLzIwMjRcLzA5XC80NjA4NTIxMjJfOTA5MjYxMDg0NTcwMjAzXzY4ODYwMzI4MTM4OTA5Mjg4NDRfbi5qcGciLCJzbGlkZXNob3ciOiJjNDU5YTc3In0%3D\">\n\t\t\t\t\t<div class=\"e-gallery-image elementor-gallery-item__image\" data-thumbnail=\"https:\/\/www.sdis57.fr\/home\/wp-content\/uploads\/2024\/09\/460852122_909261084570203_6886032813890928844_n-1024x681.jpg\" data-width=\"800\" data-height=\"532\" aria-label=\"\" role=\"img\" ><\/div>\n\t\t\t\t\t\t\t\t\t\t\t<div class=\"elementor-gallery-item__overlay\"><\/div>\n\t\t\t\t\t\t\t\t\t\t\t\t\t\t<\/a>\n\t\t\t\t\t<\/div>\n\t\t\t\t\t<\/div>\n\t\t\t\t<\/div>\n\t\t\t\t\t<\/div>\n\t\t\t\t<\/div>\n\t\t\t\t<\/div>\n\t\t","protected":false},"excerpt":{"rendered":"<p>Lancement de la construction de la nouvelle caserne de Metz-Centre \u00e0 Blida Jeudi 19 septembre a eu lieu le lancement de la construction de la nouvelle caserne de Metz-Centre situ\u00e9e dans le quartier Blida avec la pose de la 1re pierre en pr\u00e9sence de Patrick Weiten, pr\u00e9sident du D\u00e9partement de la Moselle et pr\u00e9sident du [&hellip;]<\/p>\n","protected":false},"author":1,"featured_media":5601,"comment_status":"closed","ping_status":"closed","sticky":false,"template":"elementor_header_footer","format":"standard","meta":{"_monsterinsights_skip_tracking":false,"_monsterinsights_sitenote_active":false,"_monsterinsights_sitenote_note":"","_monsterinsights_sitenote_category":0,"footnotes":""},"categories":[20],"tags":[],"class_list":["post-5594","post","type-post","status-publish","format-standard","has-post-thumbnail","hentry","category-vie-du-corps"],"yoast_head":"<!-- This site is optimized with the Yoast SEO plugin v27.4 - https:\/\/yoast.com\/product\/yoast-seo-wordpress\/ -->\n<title>Lancement de la construction de la nouvelle caserne de Metz-Centre \u00e0 Blida - SDIS 57 - Sapeurs-pompiers de la Moselle<\/title>\n<meta name=\"robots\" content=\"index, follow, max-snippet:-1, max-image-preview:large, max-video-preview:-1\" \/>\n<link rel=\"canonical\" href=\"https:\/\/www.sdis57.fr\/home\/index.php\/2024\/09\/23\/lancement-de-la-construction-de-la-nouvelle-caserne-de-metz-centre-a-blida\/\" \/>\n<meta property=\"og:locale\" content=\"fr_FR\" \/>\n<meta property=\"og:type\" content=\"article\" \/>\n<meta property=\"og:title\" content=\"Lancement de la construction de la nouvelle caserne de Metz-Centre \u00e0 Blida - SDIS 57 - Sapeurs-pompiers de la Moselle\" \/>\n<meta property=\"og:description\" content=\"Lancement de la construction de la nouvelle caserne de Metz-Centre \u00e0 Blida Jeudi 19 septembre a eu lieu le lancement de la construction de la nouvelle caserne de Metz-Centre situ\u00e9e dans le quartier Blida avec la pose de la 1re pierre en pr\u00e9sence de Patrick Weiten, pr\u00e9sident du D\u00e9partement de la Moselle et pr\u00e9sident du [&hellip;]\" \/>\n<meta property=\"og:url\" content=\"https:\/\/www.sdis57.fr\/home\/index.php\/2024\/09\/23\/lancement-de-la-construction-de-la-nouvelle-caserne-de-metz-centre-a-blida\/\" \/>\n<meta property=\"og:site_name\" content=\"SDIS 57 - Sapeurs-pompiers de la Moselle\" \/>\n<meta property=\"article:publisher\" content=\"https:\/\/www.facebook.com\/sdis57Officiel\" \/>\n<meta property=\"article:published_time\" content=\"2024-09-23T14:03:48+00:00\" \/>\n<meta property=\"article:modified_time\" content=\"2024-09-23T14:18:30+00:00\" \/>\n<meta property=\"og:image\" content=\"https:\/\/www.sdis57.fr\/home\/wp-content\/uploads\/2024\/09\/460803326_909261001236878_4172092328986843864_n.jpg\" \/>\n\t<meta property=\"og:image:width\" content=\"2048\" \/>\n\t<meta property=\"og:image:height\" content=\"1362\" \/>\n\t<meta property=\"og:image:type\" content=\"image\/jpeg\" \/>\n<meta name=\"author\" content=\"admin\" \/>\n<meta name=\"twitter:card\" content=\"summary_large_image\" \/>\n<meta name=\"twitter:creator\" content=\"@SDIS57\" \/>\n<meta name=\"twitter:site\" content=\"@SDIS57\" \/>\n<meta name=\"twitter:label1\" content=\"\u00c9crit par\" \/>\n\t<meta name=\"twitter:data1\" content=\"admin\" \/>\n\t<meta name=\"twitter:label2\" content=\"Dur\u00e9e de lecture estim\u00e9e\" \/>\n\t<meta name=\"twitter:data2\" content=\"2 minutes\" \/>\n<script type=\"application\/ld+json\" class=\"yoast-schema-graph\">{\"@context\":\"https:\\\/\\\/schema.org\",\"@graph\":[{\"@type\":\"Article\",\"@id\":\"https:\\\/\\\/www.sdis57.fr\\\/home\\\/index.php\\\/2024\\\/09\\\/23\\\/lancement-de-la-construction-de-la-nouvelle-caserne-de-metz-centre-a-blida\\\/#article\",\"isPartOf\":{\"@id\":\"https:\\\/\\\/www.sdis57.fr\\\/home\\\/index.php\\\/2024\\\/09\\\/23\\\/lancement-de-la-construction-de-la-nouvelle-caserne-de-metz-centre-a-blida\\\/\"},\"author\":{\"name\":\"admin\",\"@id\":\"https:\\\/\\\/www.sdis57.fr\\\/home\\\/#\\\/schema\\\/person\\\/d6093e2d0238454241238a24e7e0aad7\"},\"headline\":\"Lancement de la construction de la nouvelle caserne de Metz-Centre \u00e0 Blida\",\"datePublished\":\"2024-09-23T14:03:48+00:00\",\"dateModified\":\"2024-09-23T14:18:30+00:00\",\"mainEntityOfPage\":{\"@id\":\"https:\\\/\\\/www.sdis57.fr\\\/home\\\/index.php\\\/2024\\\/09\\\/23\\\/lancement-de-la-construction-de-la-nouvelle-caserne-de-metz-centre-a-blida\\\/\"},\"wordCount\":1042,\"publisher\":{\"@id\":\"https:\\\/\\\/www.sdis57.fr\\\/home\\\/#organization\"},\"image\":{\"@id\":\"https:\\\/\\\/www.sdis57.fr\\\/home\\\/index.php\\\/2024\\\/09\\\/23\\\/lancement-de-la-construction-de-la-nouvelle-caserne-de-metz-centre-a-blida\\\/#primaryimage\"},\"thumbnailUrl\":\"https:\\\/\\\/www.sdis57.fr\\\/home\\\/wp-content\\\/uploads\\\/2024\\\/09\\\/460803326_909261001236878_4172092328986843864_n.jpg\",\"articleSection\":[\"Vie du corps\"],\"inLanguage\":\"fr-FR\"},{\"@type\":\"WebPage\",\"@id\":\"https:\\\/\\\/www.sdis57.fr\\\/home\\\/index.php\\\/2024\\\/09\\\/23\\\/lancement-de-la-construction-de-la-nouvelle-caserne-de-metz-centre-a-blida\\\/\",\"url\":\"https:\\\/\\\/www.sdis57.fr\\\/home\\\/index.php\\\/2024\\\/09\\\/23\\\/lancement-de-la-construction-de-la-nouvelle-caserne-de-metz-centre-a-blida\\\/\",\"name\":\"Lancement de la construction de la nouvelle caserne de Metz-Centre \u00e0 Blida - SDIS 57 - Sapeurs-pompiers de la Moselle\",\"isPartOf\":{\"@id\":\"https:\\\/\\\/www.sdis57.fr\\\/home\\\/#website\"},\"primaryImageOfPage\":{\"@id\":\"https:\\\/\\\/www.sdis57.fr\\\/home\\\/index.php\\\/2024\\\/09\\\/23\\\/lancement-de-la-construction-de-la-nouvelle-caserne-de-metz-centre-a-blida\\\/#primaryimage\"},\"image\":{\"@id\":\"https:\\\/\\\/www.sdis57.fr\\\/home\\\/index.php\\\/2024\\\/09\\\/23\\\/lancement-de-la-construction-de-la-nouvelle-caserne-de-metz-centre-a-blida\\\/#primaryimage\"},\"thumbnailUrl\":\"https:\\\/\\\/www.sdis57.fr\\\/home\\\/wp-content\\\/uploads\\\/2024\\\/09\\\/460803326_909261001236878_4172092328986843864_n.jpg\",\"datePublished\":\"2024-09-23T14:03:48+00:00\",\"dateModified\":\"2024-09-23T14:18:30+00:00\",\"breadcrumb\":{\"@id\":\"https:\\\/\\\/www.sdis57.fr\\\/home\\\/index.php\\\/2024\\\/09\\\/23\\\/lancement-de-la-construction-de-la-nouvelle-caserne-de-metz-centre-a-blida\\\/#breadcrumb\"},\"inLanguage\":\"fr-FR\",\"potentialAction\":[{\"@type\":\"ReadAction\",\"target\":[\"https:\\\/\\\/www.sdis57.fr\\\/home\\\/index.php\\\/2024\\\/09\\\/23\\\/lancement-de-la-construction-de-la-nouvelle-caserne-de-metz-centre-a-blida\\\/\"]}]},{\"@type\":\"ImageObject\",\"inLanguage\":\"fr-FR\",\"@id\":\"https:\\\/\\\/www.sdis57.fr\\\/home\\\/index.php\\\/2024\\\/09\\\/23\\\/lancement-de-la-construction-de-la-nouvelle-caserne-de-metz-centre-a-blida\\\/#primaryimage\",\"url\":\"https:\\\/\\\/www.sdis57.fr\\\/home\\\/wp-content\\\/uploads\\\/2024\\\/09\\\/460803326_909261001236878_4172092328986843864_n.jpg\",\"contentUrl\":\"https:\\\/\\\/www.sdis57.fr\\\/home\\\/wp-content\\\/uploads\\\/2024\\\/09\\\/460803326_909261001236878_4172092328986843864_n.jpg\",\"width\":2048,\"height\":1362},{\"@type\":\"BreadcrumbList\",\"@id\":\"https:\\\/\\\/www.sdis57.fr\\\/home\\\/index.php\\\/2024\\\/09\\\/23\\\/lancement-de-la-construction-de-la-nouvelle-caserne-de-metz-centre-a-blida\\\/#breadcrumb\",\"itemListElement\":[{\"@type\":\"ListItem\",\"position\":1,\"name\":\"Home\",\"item\":\"https:\\\/\\\/www.sdis57.fr\\\/home\\\/\"},{\"@type\":\"ListItem\",\"position\":2,\"name\":\"Lancement de la construction de la nouvelle caserne de Metz-Centre \u00e0 Blida\"}]},{\"@type\":\"WebSite\",\"@id\":\"https:\\\/\\\/www.sdis57.fr\\\/home\\\/#website\",\"url\":\"https:\\\/\\\/www.sdis57.fr\\\/home\\\/\",\"name\":\"SAPEURS-POMPIERS DE LA MOSELLE\",\"description\":\"\u00c0 vos c\u00f4t\u00e9s au quotidien !\",\"publisher\":{\"@id\":\"https:\\\/\\\/www.sdis57.fr\\\/home\\\/#organization\"},\"potentialAction\":[{\"@type\":\"SearchAction\",\"target\":{\"@type\":\"EntryPoint\",\"urlTemplate\":\"https:\\\/\\\/www.sdis57.fr\\\/home\\\/?s={search_term_string}\"},\"query-input\":{\"@type\":\"PropertyValueSpecification\",\"valueRequired\":true,\"valueName\":\"search_term_string\"}}],\"inLanguage\":\"fr-FR\"},{\"@type\":\"Organization\",\"@id\":\"https:\\\/\\\/www.sdis57.fr\\\/home\\\/#organization\",\"name\":\"SAPEURS-POMPIERS DE LA MOSELLE\",\"url\":\"https:\\\/\\\/www.sdis57.fr\\\/home\\\/\",\"logo\":{\"@type\":\"ImageObject\",\"inLanguage\":\"fr-FR\",\"@id\":\"https:\\\/\\\/www.sdis57.fr\\\/home\\\/#\\\/schema\\\/logo\\\/image\\\/\",\"url\":\"https:\\\/\\\/www.sdis57.fr\\\/home\\\/wp-content\\\/uploads\\\/2023\\\/09\\\/Logo_SDIS_57.png\",\"contentUrl\":\"https:\\\/\\\/www.sdis57.fr\\\/home\\\/wp-content\\\/uploads\\\/2023\\\/09\\\/Logo_SDIS_57.png\",\"width\":970,\"height\":882,\"caption\":\"SAPEURS-POMPIERS DE LA MOSELLE\"},\"image\":{\"@id\":\"https:\\\/\\\/www.sdis57.fr\\\/home\\\/#\\\/schema\\\/logo\\\/image\\\/\"},\"sameAs\":[\"https:\\\/\\\/www.facebook.com\\\/sdis57Officiel\",\"https:\\\/\\\/x.com\\\/SDIS57\",\"https:\\\/\\\/www.linkedin.com\\\/company\\\/sdis-57-sapeurs-pompiers-de-la-moselle\\\/\"]},{\"@type\":\"Person\",\"@id\":\"https:\\\/\\\/www.sdis57.fr\\\/home\\\/#\\\/schema\\\/person\\\/d6093e2d0238454241238a24e7e0aad7\",\"name\":\"admin\",\"image\":{\"@type\":\"ImageObject\",\"inLanguage\":\"fr-FR\",\"@id\":\"https:\\\/\\\/secure.gravatar.com\\\/avatar\\\/8b5aa67cc5bb2f1dbe1dd4e518e0638c6d5d35972a126e7bd443ac22bea8918a?s=96&d=mm&r=g\",\"url\":\"https:\\\/\\\/secure.gravatar.com\\\/avatar\\\/8b5aa67cc5bb2f1dbe1dd4e518e0638c6d5d35972a126e7bd443ac22bea8918a?s=96&d=mm&r=g\",\"contentUrl\":\"https:\\\/\\\/secure.gravatar.com\\\/avatar\\\/8b5aa67cc5bb2f1dbe1dd4e518e0638c6d5d35972a126e7bd443ac22bea8918a?s=96&d=mm&r=g\",\"caption\":\"admin\"},\"sameAs\":[\"https:\\\/\\\/www.sdis57.fr\\\/home\"],\"url\":\"https:\\\/\\\/www.sdis57.fr\\\/home\\\/index.php\\\/author\\\/communication_dozh0fpa\\\/\"}]}<\/script>\n<!-- \/ Yoast SEO plugin. -->","yoast_head_json":{"title":"Lancement de la construction de la nouvelle caserne de Metz-Centre \u00e0 Blida - SDIS 57 - Sapeurs-pompiers de la Moselle","robots":{"index":"index","follow":"follow","max-snippet":"max-snippet:-1","max-image-preview":"max-image-preview:large","max-video-preview":"max-video-preview:-1"},"canonical":"https:\/\/www.sdis57.fr\/home\/index.php\/2024\/09\/23\/lancement-de-la-construction-de-la-nouvelle-caserne-de-metz-centre-a-blida\/","og_locale":"fr_FR","og_type":"article","og_title":"Lancement de la construction de la nouvelle caserne de Metz-Centre \u00e0 Blida - SDIS 57 - Sapeurs-pompiers de la Moselle","og_description":"Lancement de la construction de la nouvelle caserne de Metz-Centre \u00e0 Blida Jeudi 19 septembre a eu lieu le lancement de la construction de la nouvelle caserne de Metz-Centre situ\u00e9e dans le quartier Blida avec la pose de la 1re pierre en pr\u00e9sence de Patrick Weiten, pr\u00e9sident du D\u00e9partement de la Moselle et pr\u00e9sident du [&hellip;]","og_url":"https:\/\/www.sdis57.fr\/home\/index.php\/2024\/09\/23\/lancement-de-la-construction-de-la-nouvelle-caserne-de-metz-centre-a-blida\/","og_site_name":"SDIS 57 - Sapeurs-pompiers de la Moselle","article_publisher":"https:\/\/www.facebook.com\/sdis57Officiel","article_published_time":"2024-09-23T14:03:48+00:00","article_modified_time":"2024-09-23T14:18:30+00:00","og_image":[{"width":2048,"height":1362,"url":"https:\/\/www.sdis57.fr\/home\/wp-content\/uploads\/2024\/09\/460803326_909261001236878_4172092328986843864_n.jpg","type":"image\/jpeg"}],"author":"admin","twitter_card":"summary_large_image","twitter_creator":"@SDIS57","twitter_site":"@SDIS57","twitter_misc":{"\u00c9crit par":"admin","Dur\u00e9e de lecture estim\u00e9e":"2 minutes"},"schema":{"@context":"https:\/\/schema.org","@graph":[{"@type":"Article","@id":"https:\/\/www.sdis57.fr\/home\/index.php\/2024\/09\/23\/lancement-de-la-construction-de-la-nouvelle-caserne-de-metz-centre-a-blida\/#article","isPartOf":{"@id":"https:\/\/www.sdis57.fr\/home\/index.php\/2024\/09\/23\/lancement-de-la-construction-de-la-nouvelle-caserne-de-metz-centre-a-blida\/"},"author":{"name":"admin","@id":"https:\/\/www.sdis57.fr\/home\/#\/schema\/person\/d6093e2d0238454241238a24e7e0aad7"},"headline":"Lancement de la construction de la nouvelle caserne de Metz-Centre \u00e0 Blida","datePublished":"2024-09-23T14:03:48+00:00","dateModified":"2024-09-23T14:18:30+00:00","mainEntityOfPage":{"@id":"https:\/\/www.sdis57.fr\/home\/index.php\/2024\/09\/23\/lancement-de-la-construction-de-la-nouvelle-caserne-de-metz-centre-a-blida\/"},"wordCount":1042,"publisher":{"@id":"https:\/\/www.sdis57.fr\/home\/#organization"},"image":{"@id":"https:\/\/www.sdis57.fr\/home\/index.php\/2024\/09\/23\/lancement-de-la-construction-de-la-nouvelle-caserne-de-metz-centre-a-blida\/#primaryimage"},"thumbnailUrl":"https:\/\/www.sdis57.fr\/home\/wp-content\/uploads\/2024\/09\/460803326_909261001236878_4172092328986843864_n.jpg","articleSection":["Vie du corps"],"inLanguage":"fr-FR"},{"@type":"WebPage","@id":"https:\/\/www.sdis57.fr\/home\/index.php\/2024\/09\/23\/lancement-de-la-construction-de-la-nouvelle-caserne-de-metz-centre-a-blida\/","url":"https:\/\/www.sdis57.fr\/home\/index.php\/2024\/09\/23\/lancement-de-la-construction-de-la-nouvelle-caserne-de-metz-centre-a-blida\/","name":"Lancement de la construction de la nouvelle caserne de Metz-Centre \u00e0 Blida - SDIS 57 - Sapeurs-pompiers de la Moselle","isPartOf":{"@id":"https:\/\/www.sdis57.fr\/home\/#website"},"primaryImageOfPage":{"@id":"https:\/\/www.sdis57.fr\/home\/index.php\/2024\/09\/23\/lancement-de-la-construction-de-la-nouvelle-caserne-de-metz-centre-a-blida\/#primaryimage"},"image":{"@id":"https:\/\/www.sdis57.fr\/home\/index.php\/2024\/09\/23\/lancement-de-la-construction-de-la-nouvelle-caserne-de-metz-centre-a-blida\/#primaryimage"},"thumbnailUrl":"https:\/\/www.sdis57.fr\/home\/wp-content\/uploads\/2024\/09\/460803326_909261001236878_4172092328986843864_n.jpg","datePublished":"2024-09-23T14:03:48+00:00","dateModified":"2024-09-23T14:18:30+00:00","breadcrumb":{"@id":"https:\/\/www.sdis57.fr\/home\/index.php\/2024\/09\/23\/lancement-de-la-construction-de-la-nouvelle-caserne-de-metz-centre-a-blida\/#breadcrumb"},"inLanguage":"fr-FR","potentialAction":[{"@type":"ReadAction","target":["https:\/\/www.sdis57.fr\/home\/index.php\/2024\/09\/23\/lancement-de-la-construction-de-la-nouvelle-caserne-de-metz-centre-a-blida\/"]}]},{"@type":"ImageObject","inLanguage":"fr-FR","@id":"https:\/\/www.sdis57.fr\/home\/index.php\/2024\/09\/23\/lancement-de-la-construction-de-la-nouvelle-caserne-de-metz-centre-a-blida\/#primaryimage","url":"https:\/\/www.sdis57.fr\/home\/wp-content\/uploads\/2024\/09\/460803326_909261001236878_4172092328986843864_n.jpg","contentUrl":"https:\/\/www.sdis57.fr\/home\/wp-content\/uploads\/2024\/09\/460803326_909261001236878_4172092328986843864_n.jpg","width":2048,"height":1362},{"@type":"BreadcrumbList","@id":"https:\/\/www.sdis57.fr\/home\/index.php\/2024\/09\/23\/lancement-de-la-construction-de-la-nouvelle-caserne-de-metz-centre-a-blida\/#breadcrumb","itemListElement":[{"@type":"ListItem","position":1,"name":"Home","item":"https:\/\/www.sdis57.fr\/home\/"},{"@type":"ListItem","position":2,"name":"Lancement de la construction de la nouvelle caserne de Metz-Centre \u00e0 Blida"}]},{"@type":"WebSite","@id":"https:\/\/www.sdis57.fr\/home\/#website","url":"https:\/\/www.sdis57.fr\/home\/","name":"SAPEURS-POMPIERS DE LA MOSELLE","description":"\u00c0 vos c\u00f4t\u00e9s au quotidien !","publisher":{"@id":"https:\/\/www.sdis57.fr\/home\/#organization"},"potentialAction":[{"@type":"SearchAction","target":{"@type":"EntryPoint","urlTemplate":"https:\/\/www.sdis57.fr\/home\/?s={search_term_string}"},"query-input":{"@type":"PropertyValueSpecification","valueRequired":true,"valueName":"search_term_string"}}],"inLanguage":"fr-FR"},{"@type":"Organization","@id":"https:\/\/www.sdis57.fr\/home\/#organization","name":"SAPEURS-POMPIERS DE LA MOSELLE","url":"https:\/\/www.sdis57.fr\/home\/","logo":{"@type":"ImageObject","inLanguage":"fr-FR","@id":"https:\/\/www.sdis57.fr\/home\/#\/schema\/logo\/image\/","url":"https:\/\/www.sdis57.fr\/home\/wp-content\/uploads\/2023\/09\/Logo_SDIS_57.png","contentUrl":"https:\/\/www.sdis57.fr\/home\/wp-content\/uploads\/2023\/09\/Logo_SDIS_57.png","width":970,"height":882,"caption":"SAPEURS-POMPIERS DE LA MOSELLE"},"image":{"@id":"https:\/\/www.sdis57.fr\/home\/#\/schema\/logo\/image\/"},"sameAs":["https:\/\/www.facebook.com\/sdis57Officiel","https:\/\/x.com\/SDIS57","https:\/\/www.linkedin.com\/company\/sdis-57-sapeurs-pompiers-de-la-moselle\/"]},{"@type":"Person","@id":"https:\/\/www.sdis57.fr\/home\/#\/schema\/person\/d6093e2d0238454241238a24e7e0aad7","name":"admin","image":{"@type":"ImageObject","inLanguage":"fr-FR","@id":"https:\/\/secure.gravatar.com\/avatar\/8b5aa67cc5bb2f1dbe1dd4e518e0638c6d5d35972a126e7bd443ac22bea8918a?s=96&d=mm&r=g","url":"https:\/\/secure.gravatar.com\/avatar\/8b5aa67cc5bb2f1dbe1dd4e518e0638c6d5d35972a126e7bd443ac22bea8918a?s=96&d=mm&r=g","contentUrl":"https:\/\/secure.gravatar.com\/avatar\/8b5aa67cc5bb2f1dbe1dd4e518e0638c6d5d35972a126e7bd443ac22bea8918a?s=96&d=mm&r=g","caption":"admin"},"sameAs":["https:\/\/www.sdis57.fr\/home"],"url":"https:\/\/www.sdis57.fr\/home\/index.php\/author\/communication_dozh0fpa\/"}]}},"_links":{"self":[{"href":"https:\/\/www.sdis57.fr\/home\/index.php\/wp-json\/wp\/v2\/posts\/5594","targetHints":{"allow":["GET"]}}],"collection":[{"href":"https:\/\/www.sdis57.fr\/home\/index.php\/wp-json\/wp\/v2\/posts"}],"about":[{"href":"https:\/\/www.sdis57.fr\/home\/index.php\/wp-json\/wp\/v2\/types\/post"}],"author":[{"embeddable":true,"href":"https:\/\/www.sdis57.fr\/home\/index.php\/wp-json\/wp\/v2\/users\/1"}],"replies":[{"embeddable":true,"href":"https:\/\/www.sdis57.fr\/home\/index.php\/wp-json\/wp\/v2\/comments?post=5594"}],"version-history":[{"count":8,"href":"https:\/\/www.sdis57.fr\/home\/index.php\/wp-json\/wp\/v2\/posts\/5594\/revisions"}],"predecessor-version":[{"id":5610,"href":"https:\/\/www.sdis57.fr\/home\/index.php\/wp-json\/wp\/v2\/posts\/5594\/revisions\/5610"}],"wp:featuredmedia":[{"embeddable":true,"href":"https:\/\/www.sdis57.fr\/home\/index.php\/wp-json\/wp\/v2\/media\/5601"}],"wp:attachment":[{"href":"https:\/\/www.sdis57.fr\/home\/index.php\/wp-json\/wp\/v2\/media?parent=5594"}],"wp:term":[{"taxonomy":"category","embeddable":true,"href":"https:\/\/www.sdis57.fr\/home\/index.php\/wp-json\/wp\/v2\/categories?post=5594"},{"taxonomy":"post_tag","embeddable":true,"href":"https:\/\/www.sdis57.fr\/home\/index.php\/wp-json\/wp\/v2\/tags?post=5594"}],"curies":[{"name":"wp","href":"https:\/\/api.w.org\/{rel}","templated":true}]}}