{"id":6121,"date":"2024-10-23T16:16:47","date_gmt":"2024-10-23T16:16:47","guid":{"rendered":"https:\/\/www.sdis57.fr\/home\/?p=6121"},"modified":"2024-11-13T09:35:44","modified_gmt":"2024-11-13T09:35:44","slug":"une-formation-inedite-de-gestion-de-crise-pour-des-elus-locaux","status":"publish","type":"post","link":"https:\/\/www.sdis57.fr\/home\/index.php\/2024\/10\/23\/une-formation-inedite-de-gestion-de-crise-pour-des-elus-locaux\/","title":{"rendered":"Une formation in\u00e9dite de gestion de crise pour des \u00e9lus locaux !"},"content":{"rendered":"\t\t<div data-elementor-type=\"wp-post\" data-elementor-id=\"6121\" class=\"elementor elementor-6121\" data-elementor-post-type=\"post\">\n\t\t\t\t<div class=\"elementor-element elementor-element-456e831 e-flex e-con-boxed e-con e-parent\" data-id=\"456e831\" data-element_type=\"container\" data-e-type=\"container\">\n\t\t\t\t\t<div class=\"e-con-inner\">\n\t\t\t\t<div class=\"elementor-element elementor-element-fa9c213 elementor-widget elementor-widget-heading\" data-id=\"fa9c213\" data-element_type=\"widget\" data-e-type=\"widget\" data-widget_type=\"heading.default\">\n\t\t\t\t<div class=\"elementor-widget-container\">\n\t\t\t\t\t<h2 class=\"elementor-heading-title elementor-size-default\">Une formation in\u00e9dite de gestion de crise pour des \u00e9lus locaux !<\/h2>\t\t\t\t<\/div>\n\t\t\t\t<\/div>\n\t\t\t\t\t<\/div>\n\t\t\t\t<\/div>\n\t\t<div class=\"elementor-element elementor-element-6ead1a2 e-flex e-con-boxed e-con e-parent\" data-id=\"6ead1a2\" data-element_type=\"container\" data-e-type=\"container\">\n\t\t\t\t\t<div class=\"e-con-inner\">\n\t\t\t\t<div class=\"elementor-element elementor-element-f896191 elementor-widget-divider--view-line elementor-widget elementor-widget-divider\" data-id=\"f896191\" data-element_type=\"widget\" data-e-type=\"widget\" data-widget_type=\"divider.default\">\n\t\t\t\t<div class=\"elementor-widget-container\">\n\t\t\t\t\t\t\t<div class=\"elementor-divider\">\n\t\t\t<span class=\"elementor-divider-separator\">\n\t\t\t\t\t\t<\/span>\n\t\t<\/div>\n\t\t\t\t\t\t<\/div>\n\t\t\t\t<\/div>\n\t\t\t\t<div class=\"elementor-element elementor-element-f9e71ef elementor-widget elementor-widget-text-editor\" data-id=\"f9e71ef\" data-element_type=\"widget\" data-e-type=\"widget\" data-widget_type=\"text-editor.default\">\n\t\t\t\t<div class=\"elementor-widget-container\">\n\t\t\t\t\t\t\t\t\t<div dir=\"auto\" data-message-author-role=\"assistant\" data-message-id=\"53e5f4f2-d96f-47be-bef7-e8c406a3bf40\"><div dir=\"auto\"><div dir=\"auto\"><div dir=\"auto\"><div dir=\"auto\"><div class=\"x11i5rnm xat24cr x1mh8g0r x1vvkbs xtlvy1s x126k92a\"><div class=\"xdj266r x11i5rnm xat24cr x1mh8g0r x1vvkbs x126k92a\"><div dir=\"auto\"><div class=\"xdj266r x11i5rnm xat24cr x1mh8g0r x1vvkbs x126k92a\"><div dir=\"auto\">Aujourd&rsquo;hui, \u00e0 l\u2019\u00c9tat-major d\u00e9partemental, une quarantaine d\u2019\u00e9lus, de directeurs g\u00e9n\u00e9raux des services et de correspondants incendie et secours, issus de 16 communes et de la Communaut\u00e9 d&rsquo;Agglom\u00e9ration de Forbach Porte de France, ont particip\u00e9 \u00e0 une formation in\u00e9dite de sensibilisation \u00e0 la gestion de crise.<\/div><div dir=\"auto\">\u00a0<\/div><\/div><div class=\"x11i5rnm xat24cr x1mh8g0r x1vvkbs xtlvy1s x126k92a\"><div dir=\"auto\">Organis\u00e9e par les sapeurs-pompiers de la Moselle, en \u00e9troite collaboration avec l\u2019\u00c9cole Nationale Sup\u00e9rieure des Officiers de Sapeurs-Pompiers (ENSOSP) et sous l\u2019\u00e9gide de la Pr\u00e9fecture de la Moselle, cette session rev\u00eat une importance particuli\u00e8re dans la conjoncture actuelle marqu\u00e9e par de multiples \u00e9v\u00e9nements soci\u00e9taux et m\u00e9t\u00e9orologiques.<\/div><div dir=\"auto\">\u00a0<\/div><\/div><div class=\"x11i5rnm xat24cr x1mh8g0r x1vvkbs xtlvy1s x126k92a\"><div dir=\"auto\">Face aux d\u00e9fis croissants que repr\u00e9sentent les situations d\u2019urgence, cette initiative vise \u00e0 renforcer la coordination entre le SDIS 57 et les \u00e9lus, en leur apportant un soutien indispensable. Le SDIS mettra tout en \u0153uvre pour accompagner les \u00e9lus locaux, leur fournissant un appui concret afin qu&rsquo;ils soient mieux pr\u00e9par\u00e9s \u00e0 r\u00e9pondre efficacement aux attentes sp\u00e9cifiques en mati\u00e8re de gestion de crise, tout en assurant la s\u00e9curit\u00e9 et la r\u00e9silience de leurs territoires.<\/div><div dir=\"auto\">\u00a0<\/div><\/div><div class=\"x11i5rnm xat24cr x1mh8g0r x1vvkbs xtlvy1s x126k92a\"><div dir=\"auto\">Les participants ont \u00e9t\u00e9 amen\u00e9s \u00e0 :<\/div><div dir=\"auto\">\u00a0<\/div><\/div><div class=\"x11i5rnm xat24cr x1mh8g0r x1vvkbs xtlvy1s x126k92a\"><ul><li dir=\"auto\">Prendre conscience de la vuln\u00e9rabilit\u00e9 des organisations et des territoires communaux ;<\/li><li dir=\"auto\">Comprendre le processus de gen\u00e8se des crises ;<\/li><li dir=\"auto\">Acqu\u00e9rir les bases de la gestion et de la r\u00e9duction des crises via un poste de commandement communal (PCC) ;<\/li><li dir=\"auto\">Utiliser les outils de gestion de crise ;<\/li><li dir=\"auto\">Rendre op\u00e9rationnel leur Plan Communal de Sauvegarde (PCS).<\/li><\/ul><div dir=\"auto\">\u00a0<\/div><\/div><div class=\"x11i5rnm xat24cr x1mh8g0r x1vvkbs xtlvy1s x126k92a\"><div dir=\"auto\">Afin d&rsquo;assurer la mise en \u0153uvre du module, une \u00e9quipe de r\u00e9f\u00e9rents du SDIS a \u00e9t\u00e9 pr\u00e9alablement form\u00e9e sur une journ\u00e9e par l\u2019ENSOSP.<\/div><div dir=\"auto\">\u00a0<\/div><\/div><div class=\"x11i5rnm xat24cr x1mh8g0r x1vvkbs xtlvy1s x126k92a\"><div dir=\"auto\">Cette initiative s\u2019inscrit dans une d\u00e9marche plus large de renforcement de la r\u00e9silience face aux crises, un engagement partag\u00e9 par le SDIS et la Pr\u00e9fecture de la Moselle. Elle compl\u00e8te les actions en cours ou d\u00e9j\u00e0 engag\u00e9es, telles que la Journ\u00e9e de la R\u00e9silience du 13 octobre 2024, la formation des correspondants incendie et secours, le travail collaboratif avec les \u00e9lus locaux sur la r\u00e9alisation des Plans Communaux de Sauvegarde (PCS) et la cr\u00e9ation des R\u00e9serves Communales de S\u00e9curit\u00e9 Civile (RCSC).<\/div><\/div><\/div><\/div><div class=\"x11i5rnm xat24cr x1mh8g0r x1vvkbs xtlvy1s x126k92a\"><div dir=\"auto\">\u00a0<\/div><\/div><\/div><\/div><\/div><\/div><\/div><\/div>\t\t\t\t\t\t\t\t<\/div>\n\t\t\t\t<\/div>\n\t\t\t\t\t<\/div>\n\t\t\t\t<\/div>\n\t\t<div class=\"elementor-element elementor-element-cb345d6 e-flex e-con-boxed e-con e-parent\" data-id=\"cb345d6\" data-element_type=\"container\" data-e-type=\"container\">\n\t\t\t\t\t<div class=\"e-con-inner\">\n\t\t\t\t<div class=\"elementor-element elementor-element-24be9eb elementor-arrows-position-inside elementor-pagination-position-outside elementor-widget elementor-widget-image-carousel\" data-id=\"24be9eb\" data-element_type=\"widget\" data-e-type=\"widget\" data-settings=\"{&quot;navigation&quot;:&quot;both&quot;,&quot;autoplay&quot;:&quot;yes&quot;,&quot;pause_on_hover&quot;:&quot;yes&quot;,&quot;pause_on_interaction&quot;:&quot;yes&quot;,&quot;autoplay_speed&quot;:5000,&quot;infinite&quot;:&quot;yes&quot;,&quot;speed&quot;:500,&quot;image_spacing_custom&quot;:{&quot;unit&quot;:&quot;px&quot;,&quot;size&quot;:20,&quot;sizes&quot;:[]},&quot;image_spacing_custom_tablet&quot;:{&quot;unit&quot;:&quot;px&quot;,&quot;size&quot;:&quot;&quot;,&quot;sizes&quot;:[]},&quot;image_spacing_custom_mobile&quot;:{&quot;unit&quot;:&quot;px&quot;,&quot;size&quot;:&quot;&quot;,&quot;sizes&quot;:[]}}\" data-widget_type=\"image-carousel.default\">\n\t\t\t\t<div class=\"elementor-widget-container\">\n\t\t\t\t\t\t\t<div class=\"elementor-image-carousel-wrapper swiper\" role=\"region\" aria-roledescription=\"carousel\" aria-label=\"Carrousel d\u2019images\" dir=\"ltr\">\n\t\t\t<div class=\"elementor-image-carousel swiper-wrapper\" aria-live=\"off\">\n\t\t\t\t\t\t\t\t<div class=\"swiper-slide\" role=\"group\" aria-roledescription=\"slide\" aria-label=\"1 sur 10\"><a data-elementor-open-lightbox=\"yes\" data-elementor-lightbox-slideshow=\"24be9eb\" data-elementor-lightbox-title=\"23102024_AB1_4559_002\" data-e-action-hash=\"#elementor-action%3Aaction%3Dlightbox%26settings%3DeyJpZCI6NjExMSwidXJsIjoiaHR0cHM6XC9cL3d3dy5zZGlzNTcuZnJcL2hvbWVcL3dwLWNvbnRlbnRcL3VwbG9hZHNcLzIwMjRcLzEwXC8yMzEwMjAyNF9BQjFfNDU1OV8wMDIuanBnIiwic2xpZGVzaG93IjoiMjRiZTllYiJ9\" href=\"https:\/\/www.sdis57.fr\/home\/wp-content\/uploads\/2024\/10\/23102024_AB1_4559_002.jpg\"><figure class=\"swiper-slide-inner\"><img decoding=\"async\" class=\"swiper-slide-image\" src=\"https:\/\/www.sdis57.fr\/home\/wp-content\/uploads\/2024\/10\/23102024_AB1_4559_002-1536x1022.jpg\" alt=\"23102024_AB1_4559_002\" \/><\/figure><\/a><\/div><div class=\"swiper-slide\" role=\"group\" aria-roledescription=\"slide\" aria-label=\"2 sur 10\"><a data-elementor-open-lightbox=\"yes\" data-elementor-lightbox-slideshow=\"24be9eb\" data-elementor-lightbox-title=\"23102024_AB1_4607_015\" data-e-action-hash=\"#elementor-action%3Aaction%3Dlightbox%26settings%3DeyJpZCI6NjEyMCwidXJsIjoiaHR0cHM6XC9cL3d3dy5zZGlzNTcuZnJcL2hvbWVcL3dwLWNvbnRlbnRcL3VwbG9hZHNcLzIwMjRcLzEwXC8yMzEwMjAyNF9BQjFfNDYwN18wMTUuanBnIiwic2xpZGVzaG93IjoiMjRiZTllYiJ9\" href=\"https:\/\/www.sdis57.fr\/home\/wp-content\/uploads\/2024\/10\/23102024_AB1_4607_015.jpg\"><figure class=\"swiper-slide-inner\"><img decoding=\"async\" class=\"swiper-slide-image\" src=\"https:\/\/www.sdis57.fr\/home\/wp-content\/uploads\/2024\/10\/23102024_AB1_4607_015-1536x1022.jpg\" alt=\"23102024_AB1_4607_015\" \/><\/figure><\/a><\/div><div class=\"swiper-slide\" role=\"group\" aria-roledescription=\"slide\" aria-label=\"3 sur 10\"><a data-elementor-open-lightbox=\"yes\" data-elementor-lightbox-slideshow=\"24be9eb\" data-elementor-lightbox-title=\"23102024_AB1_4605_014\" data-e-action-hash=\"#elementor-action%3Aaction%3Dlightbox%26settings%3DeyJpZCI6NjExOSwidXJsIjoiaHR0cHM6XC9cL3d3dy5zZGlzNTcuZnJcL2hvbWVcL3dwLWNvbnRlbnRcL3VwbG9hZHNcLzIwMjRcLzEwXC8yMzEwMjAyNF9BQjFfNDYwNV8wMTQuanBnIiwic2xpZGVzaG93IjoiMjRiZTllYiJ9\" href=\"https:\/\/www.sdis57.fr\/home\/wp-content\/uploads\/2024\/10\/23102024_AB1_4605_014.jpg\"><figure class=\"swiper-slide-inner\"><img decoding=\"async\" class=\"swiper-slide-image\" src=\"https:\/\/www.sdis57.fr\/home\/wp-content\/uploads\/2024\/10\/23102024_AB1_4605_014-1536x1022.jpg\" alt=\"23102024_AB1_4605_014\" \/><\/figure><\/a><\/div><div class=\"swiper-slide\" role=\"group\" aria-roledescription=\"slide\" aria-label=\"4 sur 10\"><a data-elementor-open-lightbox=\"yes\" data-elementor-lightbox-slideshow=\"24be9eb\" data-elementor-lightbox-title=\"23102024_AB1_4602_013\" data-e-action-hash=\"#elementor-action%3Aaction%3Dlightbox%26settings%3DeyJpZCI6NjExOCwidXJsIjoiaHR0cHM6XC9cL3d3dy5zZGlzNTcuZnJcL2hvbWVcL3dwLWNvbnRlbnRcL3VwbG9hZHNcLzIwMjRcLzEwXC8yMzEwMjAyNF9BQjFfNDYwMl8wMTMuanBnIiwic2xpZGVzaG93IjoiMjRiZTllYiJ9\" href=\"https:\/\/www.sdis57.fr\/home\/wp-content\/uploads\/2024\/10\/23102024_AB1_4602_013.jpg\"><figure class=\"swiper-slide-inner\"><img decoding=\"async\" class=\"swiper-slide-image\" src=\"https:\/\/www.sdis57.fr\/home\/wp-content\/uploads\/2024\/10\/23102024_AB1_4602_013-1536x1022.jpg\" alt=\"23102024_AB1_4602_013\" \/><\/figure><\/a><\/div><div class=\"swiper-slide\" role=\"group\" aria-roledescription=\"slide\" aria-label=\"5 sur 10\"><a data-elementor-open-lightbox=\"yes\" data-elementor-lightbox-slideshow=\"24be9eb\" data-elementor-lightbox-title=\"23102024_AB1_4600_012\" data-e-action-hash=\"#elementor-action%3Aaction%3Dlightbox%26settings%3DeyJpZCI6NjExNywidXJsIjoiaHR0cHM6XC9cL3d3dy5zZGlzNTcuZnJcL2hvbWVcL3dwLWNvbnRlbnRcL3VwbG9hZHNcLzIwMjRcLzEwXC8yMzEwMjAyNF9BQjFfNDYwMF8wMTIuanBnIiwic2xpZGVzaG93IjoiMjRiZTllYiJ9\" href=\"https:\/\/www.sdis57.fr\/home\/wp-content\/uploads\/2024\/10\/23102024_AB1_4600_012.jpg\"><figure class=\"swiper-slide-inner\"><img decoding=\"async\" class=\"swiper-slide-image\" src=\"https:\/\/www.sdis57.fr\/home\/wp-content\/uploads\/2024\/10\/23102024_AB1_4600_012-1536x1022.jpg\" alt=\"23102024_AB1_4600_012\" \/><\/figure><\/a><\/div><div class=\"swiper-slide\" role=\"group\" aria-roledescription=\"slide\" aria-label=\"6 sur 10\"><a data-elementor-open-lightbox=\"yes\" data-elementor-lightbox-slideshow=\"24be9eb\" data-elementor-lightbox-title=\"23102024_AB1_4599_011\" data-e-action-hash=\"#elementor-action%3Aaction%3Dlightbox%26settings%3DeyJpZCI6NjExNiwidXJsIjoiaHR0cHM6XC9cL3d3dy5zZGlzNTcuZnJcL2hvbWVcL3dwLWNvbnRlbnRcL3VwbG9hZHNcLzIwMjRcLzEwXC8yMzEwMjAyNF9BQjFfNDU5OV8wMTEuanBnIiwic2xpZGVzaG93IjoiMjRiZTllYiJ9\" href=\"https:\/\/www.sdis57.fr\/home\/wp-content\/uploads\/2024\/10\/23102024_AB1_4599_011.jpg\"><figure class=\"swiper-slide-inner\"><img decoding=\"async\" class=\"swiper-slide-image\" src=\"https:\/\/www.sdis57.fr\/home\/wp-content\/uploads\/2024\/10\/23102024_AB1_4599_011-1536x1022.jpg\" alt=\"23102024_AB1_4599_011\" \/><\/figure><\/a><\/div><div class=\"swiper-slide\" role=\"group\" aria-roledescription=\"slide\" aria-label=\"7 sur 10\"><a data-elementor-open-lightbox=\"yes\" data-elementor-lightbox-slideshow=\"24be9eb\" data-elementor-lightbox-title=\"23102024_AB1_4593_010\" data-e-action-hash=\"#elementor-action%3Aaction%3Dlightbox%26settings%3DeyJpZCI6NjExNSwidXJsIjoiaHR0cHM6XC9cL3d3dy5zZGlzNTcuZnJcL2hvbWVcL3dwLWNvbnRlbnRcL3VwbG9hZHNcLzIwMjRcLzEwXC8yMzEwMjAyNF9BQjFfNDU5M18wMTAuanBnIiwic2xpZGVzaG93IjoiMjRiZTllYiJ9\" href=\"https:\/\/www.sdis57.fr\/home\/wp-content\/uploads\/2024\/10\/23102024_AB1_4593_010.jpg\"><figure class=\"swiper-slide-inner\"><img decoding=\"async\" class=\"swiper-slide-image\" src=\"https:\/\/www.sdis57.fr\/home\/wp-content\/uploads\/2024\/10\/23102024_AB1_4593_010-1536x1022.jpg\" alt=\"23102024_AB1_4593_010\" \/><\/figure><\/a><\/div><div class=\"swiper-slide\" role=\"group\" aria-roledescription=\"slide\" aria-label=\"8 sur 10\"><a data-elementor-open-lightbox=\"yes\" data-elementor-lightbox-slideshow=\"24be9eb\" data-elementor-lightbox-title=\"23102024_AB1_4591_009\" data-e-action-hash=\"#elementor-action%3Aaction%3Dlightbox%26settings%3DeyJpZCI6NjExNCwidXJsIjoiaHR0cHM6XC9cL3d3dy5zZGlzNTcuZnJcL2hvbWVcL3dwLWNvbnRlbnRcL3VwbG9hZHNcLzIwMjRcLzEwXC8yMzEwMjAyNF9BQjFfNDU5MV8wMDkuanBnIiwic2xpZGVzaG93IjoiMjRiZTllYiJ9\" href=\"https:\/\/www.sdis57.fr\/home\/wp-content\/uploads\/2024\/10\/23102024_AB1_4591_009.jpg\"><figure class=\"swiper-slide-inner\"><img decoding=\"async\" class=\"swiper-slide-image\" src=\"https:\/\/www.sdis57.fr\/home\/wp-content\/uploads\/2024\/10\/23102024_AB1_4591_009-1536x1022.jpg\" alt=\"23102024_AB1_4591_009\" \/><\/figure><\/a><\/div><div class=\"swiper-slide\" role=\"group\" aria-roledescription=\"slide\" aria-label=\"9 sur 10\"><a data-elementor-open-lightbox=\"yes\" data-elementor-lightbox-slideshow=\"24be9eb\" data-elementor-lightbox-title=\"23102024_AB1_4585_008\" data-e-action-hash=\"#elementor-action%3Aaction%3Dlightbox%26settings%3DeyJpZCI6NjExMywidXJsIjoiaHR0cHM6XC9cL3d3dy5zZGlzNTcuZnJcL2hvbWVcL3dwLWNvbnRlbnRcL3VwbG9hZHNcLzIwMjRcLzEwXC8yMzEwMjAyNF9BQjFfNDU4NV8wMDguanBnIiwic2xpZGVzaG93IjoiMjRiZTllYiJ9\" href=\"https:\/\/www.sdis57.fr\/home\/wp-content\/uploads\/2024\/10\/23102024_AB1_4585_008.jpg\"><figure class=\"swiper-slide-inner\"><img decoding=\"async\" class=\"swiper-slide-image\" src=\"https:\/\/www.sdis57.fr\/home\/wp-content\/uploads\/2024\/10\/23102024_AB1_4585_008-1536x1022.jpg\" alt=\"23102024_AB1_4585_008\" \/><\/figure><\/a><\/div><div class=\"swiper-slide\" role=\"group\" aria-roledescription=\"slide\" aria-label=\"10 sur 10\"><a data-elementor-open-lightbox=\"yes\" data-elementor-lightbox-slideshow=\"24be9eb\" data-elementor-lightbox-title=\"23102024_AB1_4574_006\" data-e-action-hash=\"#elementor-action%3Aaction%3Dlightbox%26settings%3DeyJpZCI6NjExMiwidXJsIjoiaHR0cHM6XC9cL3d3dy5zZGlzNTcuZnJcL2hvbWVcL3dwLWNvbnRlbnRcL3VwbG9hZHNcLzIwMjRcLzEwXC8yMzEwMjAyNF9BQjFfNDU3NF8wMDYuanBnIiwic2xpZGVzaG93IjoiMjRiZTllYiJ9\" href=\"https:\/\/www.sdis57.fr\/home\/wp-content\/uploads\/2024\/10\/23102024_AB1_4574_006.jpg\"><figure class=\"swiper-slide-inner\"><img decoding=\"async\" class=\"swiper-slide-image\" src=\"https:\/\/www.sdis57.fr\/home\/wp-content\/uploads\/2024\/10\/23102024_AB1_4574_006-1536x1022.jpg\" alt=\"23102024_AB1_4574_006\" \/><\/figure><\/a><\/div>\t\t\t<\/div>\n\t\t\t\t\t\t\t\t\t\t\t\t<div class=\"elementor-swiper-button elementor-swiper-button-prev\" role=\"button\" tabindex=\"0\">\n\t\t\t\t\t\t<svg aria-hidden=\"true\" class=\"e-font-icon-svg e-eicon-chevron-left\" viewBox=\"0 0 1000 1000\" xmlns=\"http:\/\/www.w3.org\/2000\/svg\"><path d=\"M646 125C629 125 613 133 604 142L308 442C296 454 292 471 292 487 292 504 296 521 308 533L604 854C617 867 629 875 646 875 663 875 679 871 692 858 704 846 713 829 713 812 713 796 708 779 692 767L438 487 692 225C700 217 708 204 708 187 708 171 704 154 692 142 675 129 663 125 646 125Z\"><\/path><\/svg>\t\t\t\t\t<\/div>\n\t\t\t\t\t<div class=\"elementor-swiper-button elementor-swiper-button-next\" role=\"button\" tabindex=\"0\">\n\t\t\t\t\t\t<svg aria-hidden=\"true\" class=\"e-font-icon-svg e-eicon-chevron-right\" viewBox=\"0 0 1000 1000\" xmlns=\"http:\/\/www.w3.org\/2000\/svg\"><path d=\"M696 533C708 521 713 504 713 487 713 471 708 454 696 446L400 146C388 133 375 125 354 125 338 125 325 129 313 142 300 154 292 171 292 187 292 204 296 221 308 233L563 492 304 771C292 783 288 800 288 817 288 833 296 850 308 863 321 871 338 875 354 875 371 875 388 867 400 854L696 533Z\"><\/path><\/svg>\t\t\t\t\t<\/div>\n\t\t\t\t\n\t\t\t\t\t\t\t\t\t<div class=\"swiper-pagination\"><\/div>\n\t\t\t\t\t\t\t\t\t<\/div>\n\t\t\t\t\t\t<\/div>\n\t\t\t\t<\/div>\n\t\t\t\t\t<\/div>\n\t\t\t\t<\/div>\n\t\t<div class=\"elementor-element elementor-element-bbb4ea9 e-flex e-con-boxed e-con e-parent\" data-id=\"bbb4ea9\" data-element_type=\"container\" data-e-type=\"container\">\n\t\t\t\t\t<div class=\"e-con-inner\">\n\t\t\t\t\t<\/div>\n\t\t\t\t<\/div>\n\t\t\t\t<\/div>\n\t\t","protected":false},"excerpt":{"rendered":"<p>Une formation in\u00e9dite de gestion de crise pour des \u00e9lus locaux ! Aujourd&rsquo;hui, \u00e0 l\u2019\u00c9tat-major d\u00e9partemental, une quarantaine d\u2019\u00e9lus, de directeurs g\u00e9n\u00e9raux des services et de correspondants incendie et secours, issus de 16 communes et de la Communaut\u00e9 d&rsquo;Agglom\u00e9ration de Forbach Porte de France, ont particip\u00e9 \u00e0 une formation in\u00e9dite de sensibilisation \u00e0 la gestion [&hellip;]<\/p>\n","protected":false},"author":1,"featured_media":6120,"comment_status":"closed","ping_status":"closed","sticky":false,"template":"elementor_header_footer","format":"standard","meta":{"_monsterinsights_skip_tracking":false,"_monsterinsights_sitenote_active":false,"_monsterinsights_sitenote_note":"","_monsterinsights_sitenote_category":0,"footnotes":""},"categories":[21],"tags":[],"class_list":["post-6121","post","type-post","status-publish","format-standard","has-post-thumbnail","hentry","category-formation"],"yoast_head":"<!-- This site is optimized with the Yoast SEO plugin v27.4 - https:\/\/yoast.com\/product\/yoast-seo-wordpress\/ -->\n<title>Une formation in\u00e9dite de gestion de crise pour des \u00e9lus locaux ! - SDIS 57 - Sapeurs-pompiers de la Moselle<\/title>\n<meta name=\"robots\" content=\"index, follow, max-snippet:-1, max-image-preview:large, max-video-preview:-1\" \/>\n<link rel=\"canonical\" href=\"https:\/\/www.sdis57.fr\/home\/index.php\/2024\/10\/23\/une-formation-inedite-de-gestion-de-crise-pour-des-elus-locaux\/\" \/>\n<meta property=\"og:locale\" content=\"fr_FR\" \/>\n<meta property=\"og:type\" content=\"article\" \/>\n<meta property=\"og:title\" content=\"Une formation in\u00e9dite de gestion de crise pour des \u00e9lus locaux ! - SDIS 57 - Sapeurs-pompiers de la Moselle\" \/>\n<meta property=\"og:description\" content=\"Une formation in\u00e9dite de gestion de crise pour des \u00e9lus locaux ! Aujourd&rsquo;hui, \u00e0 l\u2019\u00c9tat-major d\u00e9partemental, une quarantaine d\u2019\u00e9lus, de directeurs g\u00e9n\u00e9raux des services et de correspondants incendie et secours, issus de 16 communes et de la Communaut\u00e9 d&rsquo;Agglom\u00e9ration de Forbach Porte de France, ont particip\u00e9 \u00e0 une formation in\u00e9dite de sensibilisation \u00e0 la gestion [&hellip;]\" \/>\n<meta property=\"og:url\" content=\"https:\/\/www.sdis57.fr\/home\/index.php\/2024\/10\/23\/une-formation-inedite-de-gestion-de-crise-pour-des-elus-locaux\/\" \/>\n<meta property=\"og:site_name\" content=\"SDIS 57 - Sapeurs-pompiers de la Moselle\" \/>\n<meta property=\"article:publisher\" content=\"https:\/\/www.facebook.com\/sdis57Officiel\" \/>\n<meta property=\"article:published_time\" content=\"2024-10-23T16:16:47+00:00\" \/>\n<meta property=\"article:modified_time\" content=\"2024-11-13T09:35:44+00:00\" \/>\n<meta property=\"og:image\" content=\"https:\/\/www.sdis57.fr\/home\/wp-content\/uploads\/2024\/10\/23102024_AB1_4607_015.jpg\" \/>\n\t<meta property=\"og:image:width\" content=\"1920\" \/>\n\t<meta property=\"og:image:height\" content=\"1277\" \/>\n\t<meta property=\"og:image:type\" content=\"image\/jpeg\" \/>\n<meta name=\"author\" content=\"admin\" \/>\n<meta name=\"twitter:card\" content=\"summary_large_image\" \/>\n<meta name=\"twitter:creator\" content=\"@SDIS57\" \/>\n<meta name=\"twitter:site\" content=\"@SDIS57\" \/>\n<meta name=\"twitter:label1\" content=\"\u00c9crit par\" \/>\n\t<meta name=\"twitter:data1\" content=\"admin\" \/>\n\t<meta name=\"twitter:label2\" content=\"Dur\u00e9e de lecture estim\u00e9e\" \/>\n\t<meta name=\"twitter:data2\" content=\"4 minutes\" \/>\n<script type=\"application\/ld+json\" class=\"yoast-schema-graph\">{\"@context\":\"https:\\\/\\\/schema.org\",\"@graph\":[{\"@type\":\"Article\",\"@id\":\"https:\\\/\\\/www.sdis57.fr\\\/home\\\/index.php\\\/2024\\\/10\\\/23\\\/une-formation-inedite-de-gestion-de-crise-pour-des-elus-locaux\\\/#article\",\"isPartOf\":{\"@id\":\"https:\\\/\\\/www.sdis57.fr\\\/home\\\/index.php\\\/2024\\\/10\\\/23\\\/une-formation-inedite-de-gestion-de-crise-pour-des-elus-locaux\\\/\"},\"author\":{\"name\":\"admin\",\"@id\":\"https:\\\/\\\/www.sdis57.fr\\\/home\\\/#\\\/schema\\\/person\\\/d6093e2d0238454241238a24e7e0aad7\"},\"headline\":\"Une formation in\u00e9dite de gestion de crise pour des \u00e9lus locaux !\",\"datePublished\":\"2024-10-23T16:16:47+00:00\",\"dateModified\":\"2024-11-13T09:35:44+00:00\",\"mainEntityOfPage\":{\"@id\":\"https:\\\/\\\/www.sdis57.fr\\\/home\\\/index.php\\\/2024\\\/10\\\/23\\\/une-formation-inedite-de-gestion-de-crise-pour-des-elus-locaux\\\/\"},\"wordCount\":404,\"publisher\":{\"@id\":\"https:\\\/\\\/www.sdis57.fr\\\/home\\\/#organization\"},\"image\":{\"@id\":\"https:\\\/\\\/www.sdis57.fr\\\/home\\\/index.php\\\/2024\\\/10\\\/23\\\/une-formation-inedite-de-gestion-de-crise-pour-des-elus-locaux\\\/#primaryimage\"},\"thumbnailUrl\":\"https:\\\/\\\/www.sdis57.fr\\\/home\\\/wp-content\\\/uploads\\\/2024\\\/10\\\/23102024_AB1_4607_015.jpg\",\"articleSection\":[\"Formation\"],\"inLanguage\":\"fr-FR\"},{\"@type\":\"WebPage\",\"@id\":\"https:\\\/\\\/www.sdis57.fr\\\/home\\\/index.php\\\/2024\\\/10\\\/23\\\/une-formation-inedite-de-gestion-de-crise-pour-des-elus-locaux\\\/\",\"url\":\"https:\\\/\\\/www.sdis57.fr\\\/home\\\/index.php\\\/2024\\\/10\\\/23\\\/une-formation-inedite-de-gestion-de-crise-pour-des-elus-locaux\\\/\",\"name\":\"Une formation in\u00e9dite de gestion de crise pour des \u00e9lus locaux ! - SDIS 57 - Sapeurs-pompiers de la Moselle\",\"isPartOf\":{\"@id\":\"https:\\\/\\\/www.sdis57.fr\\\/home\\\/#website\"},\"primaryImageOfPage\":{\"@id\":\"https:\\\/\\\/www.sdis57.fr\\\/home\\\/index.php\\\/2024\\\/10\\\/23\\\/une-formation-inedite-de-gestion-de-crise-pour-des-elus-locaux\\\/#primaryimage\"},\"image\":{\"@id\":\"https:\\\/\\\/www.sdis57.fr\\\/home\\\/index.php\\\/2024\\\/10\\\/23\\\/une-formation-inedite-de-gestion-de-crise-pour-des-elus-locaux\\\/#primaryimage\"},\"thumbnailUrl\":\"https:\\\/\\\/www.sdis57.fr\\\/home\\\/wp-content\\\/uploads\\\/2024\\\/10\\\/23102024_AB1_4607_015.jpg\",\"datePublished\":\"2024-10-23T16:16:47+00:00\",\"dateModified\":\"2024-11-13T09:35:44+00:00\",\"breadcrumb\":{\"@id\":\"https:\\\/\\\/www.sdis57.fr\\\/home\\\/index.php\\\/2024\\\/10\\\/23\\\/une-formation-inedite-de-gestion-de-crise-pour-des-elus-locaux\\\/#breadcrumb\"},\"inLanguage\":\"fr-FR\",\"potentialAction\":[{\"@type\":\"ReadAction\",\"target\":[\"https:\\\/\\\/www.sdis57.fr\\\/home\\\/index.php\\\/2024\\\/10\\\/23\\\/une-formation-inedite-de-gestion-de-crise-pour-des-elus-locaux\\\/\"]}]},{\"@type\":\"ImageObject\",\"inLanguage\":\"fr-FR\",\"@id\":\"https:\\\/\\\/www.sdis57.fr\\\/home\\\/index.php\\\/2024\\\/10\\\/23\\\/une-formation-inedite-de-gestion-de-crise-pour-des-elus-locaux\\\/#primaryimage\",\"url\":\"https:\\\/\\\/www.sdis57.fr\\\/home\\\/wp-content\\\/uploads\\\/2024\\\/10\\\/23102024_AB1_4607_015.jpg\",\"contentUrl\":\"https:\\\/\\\/www.sdis57.fr\\\/home\\\/wp-content\\\/uploads\\\/2024\\\/10\\\/23102024_AB1_4607_015.jpg\",\"width\":1920,\"height\":1277},{\"@type\":\"BreadcrumbList\",\"@id\":\"https:\\\/\\\/www.sdis57.fr\\\/home\\\/index.php\\\/2024\\\/10\\\/23\\\/une-formation-inedite-de-gestion-de-crise-pour-des-elus-locaux\\\/#breadcrumb\",\"itemListElement\":[{\"@type\":\"ListItem\",\"position\":1,\"name\":\"Home\",\"item\":\"https:\\\/\\\/www.sdis57.fr\\\/home\\\/\"},{\"@type\":\"ListItem\",\"position\":2,\"name\":\"Une formation in\u00e9dite de gestion de crise pour des \u00e9lus locaux !\"}]},{\"@type\":\"WebSite\",\"@id\":\"https:\\\/\\\/www.sdis57.fr\\\/home\\\/#website\",\"url\":\"https:\\\/\\\/www.sdis57.fr\\\/home\\\/\",\"name\":\"SAPEURS-POMPIERS DE LA MOSELLE\",\"description\":\"\u00c0 vos c\u00f4t\u00e9s au quotidien !\",\"publisher\":{\"@id\":\"https:\\\/\\\/www.sdis57.fr\\\/home\\\/#organization\"},\"potentialAction\":[{\"@type\":\"SearchAction\",\"target\":{\"@type\":\"EntryPoint\",\"urlTemplate\":\"https:\\\/\\\/www.sdis57.fr\\\/home\\\/?s={search_term_string}\"},\"query-input\":{\"@type\":\"PropertyValueSpecification\",\"valueRequired\":true,\"valueName\":\"search_term_string\"}}],\"inLanguage\":\"fr-FR\"},{\"@type\":\"Organization\",\"@id\":\"https:\\\/\\\/www.sdis57.fr\\\/home\\\/#organization\",\"name\":\"SAPEURS-POMPIERS DE LA MOSELLE\",\"url\":\"https:\\\/\\\/www.sdis57.fr\\\/home\\\/\",\"logo\":{\"@type\":\"ImageObject\",\"inLanguage\":\"fr-FR\",\"@id\":\"https:\\\/\\\/www.sdis57.fr\\\/home\\\/#\\\/schema\\\/logo\\\/image\\\/\",\"url\":\"https:\\\/\\\/www.sdis57.fr\\\/home\\\/wp-content\\\/uploads\\\/2023\\\/09\\\/Logo_SDIS_57.png\",\"contentUrl\":\"https:\\\/\\\/www.sdis57.fr\\\/home\\\/wp-content\\\/uploads\\\/2023\\\/09\\\/Logo_SDIS_57.png\",\"width\":970,\"height\":882,\"caption\":\"SAPEURS-POMPIERS DE LA MOSELLE\"},\"image\":{\"@id\":\"https:\\\/\\\/www.sdis57.fr\\\/home\\\/#\\\/schema\\\/logo\\\/image\\\/\"},\"sameAs\":[\"https:\\\/\\\/www.facebook.com\\\/sdis57Officiel\",\"https:\\\/\\\/x.com\\\/SDIS57\",\"https:\\\/\\\/www.linkedin.com\\\/company\\\/sdis-57-sapeurs-pompiers-de-la-moselle\\\/\"]},{\"@type\":\"Person\",\"@id\":\"https:\\\/\\\/www.sdis57.fr\\\/home\\\/#\\\/schema\\\/person\\\/d6093e2d0238454241238a24e7e0aad7\",\"name\":\"admin\",\"image\":{\"@type\":\"ImageObject\",\"inLanguage\":\"fr-FR\",\"@id\":\"https:\\\/\\\/secure.gravatar.com\\\/avatar\\\/8b5aa67cc5bb2f1dbe1dd4e518e0638c6d5d35972a126e7bd443ac22bea8918a?s=96&d=mm&r=g\",\"url\":\"https:\\\/\\\/secure.gravatar.com\\\/avatar\\\/8b5aa67cc5bb2f1dbe1dd4e518e0638c6d5d35972a126e7bd443ac22bea8918a?s=96&d=mm&r=g\",\"contentUrl\":\"https:\\\/\\\/secure.gravatar.com\\\/avatar\\\/8b5aa67cc5bb2f1dbe1dd4e518e0638c6d5d35972a126e7bd443ac22bea8918a?s=96&d=mm&r=g\",\"caption\":\"admin\"},\"sameAs\":[\"https:\\\/\\\/www.sdis57.fr\\\/home\"],\"url\":\"https:\\\/\\\/www.sdis57.fr\\\/home\\\/index.php\\\/author\\\/communication_dozh0fpa\\\/\"}]}<\/script>\n<!-- \/ Yoast SEO plugin. -->","yoast_head_json":{"title":"Une formation in\u00e9dite de gestion de crise pour des \u00e9lus locaux ! - SDIS 57 - Sapeurs-pompiers de la Moselle","robots":{"index":"index","follow":"follow","max-snippet":"max-snippet:-1","max-image-preview":"max-image-preview:large","max-video-preview":"max-video-preview:-1"},"canonical":"https:\/\/www.sdis57.fr\/home\/index.php\/2024\/10\/23\/une-formation-inedite-de-gestion-de-crise-pour-des-elus-locaux\/","og_locale":"fr_FR","og_type":"article","og_title":"Une formation in\u00e9dite de gestion de crise pour des \u00e9lus locaux ! - SDIS 57 - Sapeurs-pompiers de la Moselle","og_description":"Une formation in\u00e9dite de gestion de crise pour des \u00e9lus locaux ! Aujourd&rsquo;hui, \u00e0 l\u2019\u00c9tat-major d\u00e9partemental, une quarantaine d\u2019\u00e9lus, de directeurs g\u00e9n\u00e9raux des services et de correspondants incendie et secours, issus de 16 communes et de la Communaut\u00e9 d&rsquo;Agglom\u00e9ration de Forbach Porte de France, ont particip\u00e9 \u00e0 une formation in\u00e9dite de sensibilisation \u00e0 la gestion [&hellip;]","og_url":"https:\/\/www.sdis57.fr\/home\/index.php\/2024\/10\/23\/une-formation-inedite-de-gestion-de-crise-pour-des-elus-locaux\/","og_site_name":"SDIS 57 - Sapeurs-pompiers de la Moselle","article_publisher":"https:\/\/www.facebook.com\/sdis57Officiel","article_published_time":"2024-10-23T16:16:47+00:00","article_modified_time":"2024-11-13T09:35:44+00:00","og_image":[{"width":1920,"height":1277,"url":"https:\/\/www.sdis57.fr\/home\/wp-content\/uploads\/2024\/10\/23102024_AB1_4607_015.jpg","type":"image\/jpeg"}],"author":"admin","twitter_card":"summary_large_image","twitter_creator":"@SDIS57","twitter_site":"@SDIS57","twitter_misc":{"\u00c9crit par":"admin","Dur\u00e9e de lecture estim\u00e9e":"4 minutes"},"schema":{"@context":"https:\/\/schema.org","@graph":[{"@type":"Article","@id":"https:\/\/www.sdis57.fr\/home\/index.php\/2024\/10\/23\/une-formation-inedite-de-gestion-de-crise-pour-des-elus-locaux\/#article","isPartOf":{"@id":"https:\/\/www.sdis57.fr\/home\/index.php\/2024\/10\/23\/une-formation-inedite-de-gestion-de-crise-pour-des-elus-locaux\/"},"author":{"name":"admin","@id":"https:\/\/www.sdis57.fr\/home\/#\/schema\/person\/d6093e2d0238454241238a24e7e0aad7"},"headline":"Une formation in\u00e9dite de gestion de crise pour des \u00e9lus locaux !","datePublished":"2024-10-23T16:16:47+00:00","dateModified":"2024-11-13T09:35:44+00:00","mainEntityOfPage":{"@id":"https:\/\/www.sdis57.fr\/home\/index.php\/2024\/10\/23\/une-formation-inedite-de-gestion-de-crise-pour-des-elus-locaux\/"},"wordCount":404,"publisher":{"@id":"https:\/\/www.sdis57.fr\/home\/#organization"},"image":{"@id":"https:\/\/www.sdis57.fr\/home\/index.php\/2024\/10\/23\/une-formation-inedite-de-gestion-de-crise-pour-des-elus-locaux\/#primaryimage"},"thumbnailUrl":"https:\/\/www.sdis57.fr\/home\/wp-content\/uploads\/2024\/10\/23102024_AB1_4607_015.jpg","articleSection":["Formation"],"inLanguage":"fr-FR"},{"@type":"WebPage","@id":"https:\/\/www.sdis57.fr\/home\/index.php\/2024\/10\/23\/une-formation-inedite-de-gestion-de-crise-pour-des-elus-locaux\/","url":"https:\/\/www.sdis57.fr\/home\/index.php\/2024\/10\/23\/une-formation-inedite-de-gestion-de-crise-pour-des-elus-locaux\/","name":"Une formation in\u00e9dite de gestion de crise pour des \u00e9lus locaux ! - SDIS 57 - Sapeurs-pompiers de la Moselle","isPartOf":{"@id":"https:\/\/www.sdis57.fr\/home\/#website"},"primaryImageOfPage":{"@id":"https:\/\/www.sdis57.fr\/home\/index.php\/2024\/10\/23\/une-formation-inedite-de-gestion-de-crise-pour-des-elus-locaux\/#primaryimage"},"image":{"@id":"https:\/\/www.sdis57.fr\/home\/index.php\/2024\/10\/23\/une-formation-inedite-de-gestion-de-crise-pour-des-elus-locaux\/#primaryimage"},"thumbnailUrl":"https:\/\/www.sdis57.fr\/home\/wp-content\/uploads\/2024\/10\/23102024_AB1_4607_015.jpg","datePublished":"2024-10-23T16:16:47+00:00","dateModified":"2024-11-13T09:35:44+00:00","breadcrumb":{"@id":"https:\/\/www.sdis57.fr\/home\/index.php\/2024\/10\/23\/une-formation-inedite-de-gestion-de-crise-pour-des-elus-locaux\/#breadcrumb"},"inLanguage":"fr-FR","potentialAction":[{"@type":"ReadAction","target":["https:\/\/www.sdis57.fr\/home\/index.php\/2024\/10\/23\/une-formation-inedite-de-gestion-de-crise-pour-des-elus-locaux\/"]}]},{"@type":"ImageObject","inLanguage":"fr-FR","@id":"https:\/\/www.sdis57.fr\/home\/index.php\/2024\/10\/23\/une-formation-inedite-de-gestion-de-crise-pour-des-elus-locaux\/#primaryimage","url":"https:\/\/www.sdis57.fr\/home\/wp-content\/uploads\/2024\/10\/23102024_AB1_4607_015.jpg","contentUrl":"https:\/\/www.sdis57.fr\/home\/wp-content\/uploads\/2024\/10\/23102024_AB1_4607_015.jpg","width":1920,"height":1277},{"@type":"BreadcrumbList","@id":"https:\/\/www.sdis57.fr\/home\/index.php\/2024\/10\/23\/une-formation-inedite-de-gestion-de-crise-pour-des-elus-locaux\/#breadcrumb","itemListElement":[{"@type":"ListItem","position":1,"name":"Home","item":"https:\/\/www.sdis57.fr\/home\/"},{"@type":"ListItem","position":2,"name":"Une formation in\u00e9dite de gestion de crise pour des \u00e9lus locaux !"}]},{"@type":"WebSite","@id":"https:\/\/www.sdis57.fr\/home\/#website","url":"https:\/\/www.sdis57.fr\/home\/","name":"SAPEURS-POMPIERS DE LA MOSELLE","description":"\u00c0 vos c\u00f4t\u00e9s au quotidien !","publisher":{"@id":"https:\/\/www.sdis57.fr\/home\/#organization"},"potentialAction":[{"@type":"SearchAction","target":{"@type":"EntryPoint","urlTemplate":"https:\/\/www.sdis57.fr\/home\/?s={search_term_string}"},"query-input":{"@type":"PropertyValueSpecification","valueRequired":true,"valueName":"search_term_string"}}],"inLanguage":"fr-FR"},{"@type":"Organization","@id":"https:\/\/www.sdis57.fr\/home\/#organization","name":"SAPEURS-POMPIERS DE LA MOSELLE","url":"https:\/\/www.sdis57.fr\/home\/","logo":{"@type":"ImageObject","inLanguage":"fr-FR","@id":"https:\/\/www.sdis57.fr\/home\/#\/schema\/logo\/image\/","url":"https:\/\/www.sdis57.fr\/home\/wp-content\/uploads\/2023\/09\/Logo_SDIS_57.png","contentUrl":"https:\/\/www.sdis57.fr\/home\/wp-content\/uploads\/2023\/09\/Logo_SDIS_57.png","width":970,"height":882,"caption":"SAPEURS-POMPIERS DE LA MOSELLE"},"image":{"@id":"https:\/\/www.sdis57.fr\/home\/#\/schema\/logo\/image\/"},"sameAs":["https:\/\/www.facebook.com\/sdis57Officiel","https:\/\/x.com\/SDIS57","https:\/\/www.linkedin.com\/company\/sdis-57-sapeurs-pompiers-de-la-moselle\/"]},{"@type":"Person","@id":"https:\/\/www.sdis57.fr\/home\/#\/schema\/person\/d6093e2d0238454241238a24e7e0aad7","name":"admin","image":{"@type":"ImageObject","inLanguage":"fr-FR","@id":"https:\/\/secure.gravatar.com\/avatar\/8b5aa67cc5bb2f1dbe1dd4e518e0638c6d5d35972a126e7bd443ac22bea8918a?s=96&d=mm&r=g","url":"https:\/\/secure.gravatar.com\/avatar\/8b5aa67cc5bb2f1dbe1dd4e518e0638c6d5d35972a126e7bd443ac22bea8918a?s=96&d=mm&r=g","contentUrl":"https:\/\/secure.gravatar.com\/avatar\/8b5aa67cc5bb2f1dbe1dd4e518e0638c6d5d35972a126e7bd443ac22bea8918a?s=96&d=mm&r=g","caption":"admin"},"sameAs":["https:\/\/www.sdis57.fr\/home"],"url":"https:\/\/www.sdis57.fr\/home\/index.php\/author\/communication_dozh0fpa\/"}]}},"_links":{"self":[{"href":"https:\/\/www.sdis57.fr\/home\/index.php\/wp-json\/wp\/v2\/posts\/6121","targetHints":{"allow":["GET"]}}],"collection":[{"href":"https:\/\/www.sdis57.fr\/home\/index.php\/wp-json\/wp\/v2\/posts"}],"about":[{"href":"https:\/\/www.sdis57.fr\/home\/index.php\/wp-json\/wp\/v2\/types\/post"}],"author":[{"embeddable":true,"href":"https:\/\/www.sdis57.fr\/home\/index.php\/wp-json\/wp\/v2\/users\/1"}],"replies":[{"embeddable":true,"href":"https:\/\/www.sdis57.fr\/home\/index.php\/wp-json\/wp\/v2\/comments?post=6121"}],"version-history":[{"count":5,"href":"https:\/\/www.sdis57.fr\/home\/index.php\/wp-json\/wp\/v2\/posts\/6121\/revisions"}],"predecessor-version":[{"id":6126,"href":"https:\/\/www.sdis57.fr\/home\/index.php\/wp-json\/wp\/v2\/posts\/6121\/revisions\/6126"}],"wp:featuredmedia":[{"embeddable":true,"href":"https:\/\/www.sdis57.fr\/home\/index.php\/wp-json\/wp\/v2\/media\/6120"}],"wp:attachment":[{"href":"https:\/\/www.sdis57.fr\/home\/index.php\/wp-json\/wp\/v2\/media?parent=6121"}],"wp:term":[{"taxonomy":"category","embeddable":true,"href":"https:\/\/www.sdis57.fr\/home\/index.php\/wp-json\/wp\/v2\/categories?post=6121"},{"taxonomy":"post_tag","embeddable":true,"href":"https:\/\/www.sdis57.fr\/home\/index.php\/wp-json\/wp\/v2\/tags?post=6121"}],"curies":[{"name":"wp","href":"https:\/\/api.w.org\/{rel}","templated":true}]}}